{"id":1189,"date":"2014-02-22T09:32:32","date_gmt":"2014-02-22T09:32:32","guid":{"rendered":"http:\/\/www.gestcat.cat\/?p=1189"},"modified":"2015-03-04T09:58:08","modified_gmt":"2015-03-04T09:58:08","slug":"el-col%c2%b7lectiu-gest-incorpora-tres-nous-membre-i-ara-ja-te-22-associats","status":"publish","type":"post","link":"http:\/\/www.gestcat.cat\/?p=1189","title":{"rendered":"Regi\u00f37 &#8211; 22 de febrer de 2014"},"content":{"rendered":"<h1>El col\u00b7lectiu Gest! incorpora tres nous membre i ara ja t\u00e9 22 associats<\/h1>\n<blockquote><p>L&#8217;entitat signa acords amb empreses i organitzacions per potenciar la seva pres\u00e8ncia al territori.<\/p><\/blockquote>\n<p>Gest!, entitat formada per professionals s\u00e8niors amb una llarga traject\u00f2ria en c\u00e0rrecs de responsabilitat en diferents empreses acaba d&#8217;incorporar tres nous membres a l&#8217;associaci\u00f3. D&#8217;aquesta forma l&#8217;entitat ja t\u00e9 un totals de 22 associats, que dediquen part del seu temps a assessorar emprenendors en nous projectes empresarials, a part de realitzar altres activitats que tenen per objectiu enfortir el teixit empresarial de la catalunya Central.<\/p>\n<p>En concret, l&#8217;associaci\u00f3 presidida per Josep Sinca ha incorporat Joan M. Estany, Manel Villaplana i Antoni Serra com a nous membres, que aprofitaran la seva traject\u00f2ria en diferents empreses per assessorar nous projectes, tal com fan els altres membres de l&#8217;entitat.<\/p>\n<style type=\"text\/css\">.button #cl500385168{} .button #cl500385168:hover{} .button #cl500385168 i{} .button #cl500385168:hover i{}.button .gradient {background-image: linear-gradient(bottom,  0%,  #232323 100%);background-image: -o-linear-gradient(bottom,   0%, #232323 100%);background-image: -moz-linear-gradient(bottom,   0%, #232323  100%);background-image: -webkit-linear-gradient(bottom,   0%, #232323 100%);background-image: -ms-linear-gradient(bottom,   0%, #232323  100%);background-color:  ;text-shadow: 1px 1px 0px ;filter: dropshadow(color=, offx=1, offy=1);}.button .gradient:hover{background-image: linear-gradient(bottom,  0%, #000000  100%);background-image: -o-linear-gradient(bottom,  0%, #000000 100%);background-image: -moz-linear-gradient(bottom,  0%, #000000  100%);background-image: -webkit-linear-gradient(bottom,   0%, #000000 100%);background-image: -ms-linear-gradient(bottom,   0%, #000000 100%);background-color: text-shadow: 1px 1px 0px ;filter: dropshadow(color=, offx=1, offy=1);}<\/style><div class=\"wpb_content_element button\"><a id=\"cl500385168\" class=\"btn-bt align-left default\" href=\"\" target=\"_blank\" ><span>Descarregar article<\/span><i class=\"moon-file-2\"><\/i><\/a><\/div>\n","protected":false},"excerpt":{"rendered":"<p>El col\u00b7lectiu Gest! incorpora tres nous membre i ara ja t\u00e9 22 associats L&#8217;entitat signa acords amb empreses i organitzacions per potenciar la seva pres\u00e8ncia al territori. Gest!, entitat formada per professionals s\u00e8niors amb una llarga traject\u00f2ria en c\u00e0rrecs de responsabilitat en diferents empreses acaba d&#8217;incorporar tres nous membres a l&#8217;associaci\u00f3. D&#8217;aquesta forma l&#8217;entitat ja [&hellip;]<\/p>\n","protected":false},"author":1,"featured_media":1191,"comment_status":"closed","ping_status":"open","sticky":false,"template":"","format":"standard","meta":[],"categories":[23,22],"tags":[],"_links":{"self":[{"href":"http:\/\/www.gestcat.cat\/index.php?rest_route=\/wp\/v2\/posts\/1189"}],"collection":[{"href":"http:\/\/www.gestcat.cat\/index.php?rest_route=\/wp\/v2\/posts"}],"about":[{"href":"http:\/\/www.gestcat.cat\/index.php?rest_route=\/wp\/v2\/types\/post"}],"author":[{"embeddable":true,"href":"http:\/\/www.gestcat.cat\/index.php?rest_route=\/wp\/v2\/users\/1"}],"replies":[{"embeddable":true,"href":"http:\/\/www.gestcat.cat\/index.php?rest_route=%2Fwp%2Fv2%2Fcomments&post=1189"}],"version-history":[{"count":4,"href":"http:\/\/www.gestcat.cat\/index.php?rest_route=\/wp\/v2\/posts\/1189\/revisions"}],"predecessor-version":[{"id":1221,"href":"http:\/\/www.gestcat.cat\/index.php?rest_route=\/wp\/v2\/posts\/1189\/revisions\/1221"}],"wp:featuredmedia":[{"embeddable":true,"href":"http:\/\/www.gestcat.cat\/index.php?rest_route=\/wp\/v2\/media\/1191"}],"wp:attachment":[{"href":"http:\/\/www.gestcat.cat\/index.php?rest_route=%2Fwp%2Fv2%2Fmedia&parent=1189"}],"wp:term":[{"taxonomy":"category","embeddable":true,"href":"http:\/\/www.gestcat.cat\/index.php?rest_route=%2Fwp%2Fv2%2Fcategories&post=1189"},{"taxonomy":"post_tag","embeddable":true,"href":"http:\/\/www.gestcat.cat\/index.php?rest_route=%2Fwp%2Fv2%2Ftags&post=1189"}],"curies":[{"name":"wp","href":"https:\/\/api.w.org\/{rel}","templated":true}]}}