{"id":1197,"date":"2014-04-12T07:07:01","date_gmt":"2014-04-12T07:07:01","guid":{"rendered":"http:\/\/www.gestcat.cat\/?p=1197"},"modified":"2015-03-04T09:57:47","modified_gmt":"2015-03-04T09:57:47","slug":"regio-7-12-dabril-de-2014","status":"publish","type":"post","link":"http:\/\/www.gestcat.cat\/?p=1197","title":{"rendered":"Regi\u00f37 &#8211; 12 d&#8217;abril de 2014"},"content":{"rendered":"<h2>La nova associaci\u00f3 Gest! es presenta en un auditori de la Plana gaireb\u00e9 ple<\/h2>\n<blockquote><p>L\u00f3pez-Burniol afirma en l&#8217;acte, celebrat ahir, que l&#8217;\u00fanica sortida a la crisi pol\u00edtica \u00e9s poder decidir<\/p><\/blockquote>\n<p>&#8220;La doble crisi&#8221;, l&#8217;econ\u00f2mica i la pol\u00edtica, va protagonitzar la xerrada que va oferir, ahir al vespre, el notari Juan-Jos\u00e9 L\u00f3pez Burniol en la posada de llarg de Gest!, l&#8217;Associaci\u00f3 de professionals S\u00e8niors al Servei del Territori, que va omplir m\u00e9s de tres quartes parts de l&#8217;auditori de la Plana de l&#8217;Om. L\u00f3pez Burniol va repassar les causes que han condu\u00eft a la situaci\u00f3 actual en un interesssant viatge per la hist\u00f2ria ple d&#8217;an\u00e8cdotes i de refer\u00e8ncies, per, al final, tot i que pogu\u00e9s semblar el contrari, definir-se com un &#8220;optimista hist\u00f2ric&#8221; i assegurar que en el futur estarem millor que ara perque\u00e8 hi haur\u00e0 m\u00e9s persones que podran anar a l&#8217;escola i dutxar-se.<\/p>\n<p>Burniol es va referir al tema dels temes i que aquesta \u00e9s &#8220;la llibertat&#8221;, el dret d&#8217;autodeterminaci\u00f3.<\/p>\n<style type=\"text\/css\">.button #cl226264874{} .button #cl226264874:hover{} .button #cl226264874 i{} .button #cl226264874:hover i{}.button .gradient {background-image: linear-gradient(bottom,  0%,  #232323 100%);background-image: -o-linear-gradient(bottom,   0%, #232323 100%);background-image: -moz-linear-gradient(bottom,   0%, #232323  100%);background-image: -webkit-linear-gradient(bottom,   0%, #232323 100%);background-image: -ms-linear-gradient(bottom,   0%, #232323  100%);background-color:  ;text-shadow: 1px 1px 0px ;filter: dropshadow(color=, offx=1, offy=1);}.button .gradient:hover{background-image: linear-gradient(bottom,  0%, #000000  100%);background-image: -o-linear-gradient(bottom,  0%, #000000 100%);background-image: -moz-linear-gradient(bottom,  0%, #000000  100%);background-image: -webkit-linear-gradient(bottom,   0%, #000000 100%);background-image: -ms-linear-gradient(bottom,   0%, #000000 100%);background-color: text-shadow: 1px 1px 0px ;filter: dropshadow(color=, offx=1, offy=1);}<\/style><div class=\"wpb_content_element button\"><a id=\"cl226264874\" class=\"btn-bt align-left default\" href=\"http:\/\/www.gestcat.cat\/wp-content\/uploads\/2015\/03\/2014.04.12-REGIO7_BONA.pdf\" target=\"_blank\" ><span>Descarregar PDF<\/span><i class=\"moon-file-3\"><\/i><\/a><\/div>\n","protected":false},"excerpt":{"rendered":"<p>La nova associaci\u00f3 Gest! es presenta en un auditori de la Plana gaireb\u00e9 ple L\u00f3pez-Burniol afirma en l&#8217;acte, celebrat ahir, que l&#8217;\u00fanica sortida a la crisi pol\u00edtica \u00e9s poder decidir &#8220;La doble crisi&#8221;, l&#8217;econ\u00f2mica i la pol\u00edtica, va protagonitzar la xerrada que va oferir, ahir al vespre, el notari Juan-Jos\u00e9 L\u00f3pez Burniol en la posada [&hellip;]<\/p>\n","protected":false},"author":1,"featured_media":1198,"comment_status":"closed","ping_status":"open","sticky":false,"template":"","format":"standard","meta":[],"categories":[23,22],"tags":[],"_links":{"self":[{"href":"http:\/\/www.gestcat.cat\/index.php?rest_route=\/wp\/v2\/posts\/1197"}],"collection":[{"href":"http:\/\/www.gestcat.cat\/index.php?rest_route=\/wp\/v2\/posts"}],"about":[{"href":"http:\/\/www.gestcat.cat\/index.php?rest_route=\/wp\/v2\/types\/post"}],"author":[{"embeddable":true,"href":"http:\/\/www.gestcat.cat\/index.php?rest_route=\/wp\/v2\/users\/1"}],"replies":[{"embeddable":true,"href":"http:\/\/www.gestcat.cat\/index.php?rest_route=%2Fwp%2Fv2%2Fcomments&post=1197"}],"version-history":[{"count":6,"href":"http:\/\/www.gestcat.cat\/index.php?rest_route=\/wp\/v2\/posts\/1197\/revisions"}],"predecessor-version":[{"id":1220,"href":"http:\/\/www.gestcat.cat\/index.php?rest_route=\/wp\/v2\/posts\/1197\/revisions\/1220"}],"wp:featuredmedia":[{"embeddable":true,"href":"http:\/\/www.gestcat.cat\/index.php?rest_route=\/wp\/v2\/media\/1198"}],"wp:attachment":[{"href":"http:\/\/www.gestcat.cat\/index.php?rest_route=%2Fwp%2Fv2%2Fmedia&parent=1197"}],"wp:term":[{"taxonomy":"category","embeddable":true,"href":"http:\/\/www.gestcat.cat\/index.php?rest_route=%2Fwp%2Fv2%2Fcategories&post=1197"},{"taxonomy":"post_tag","embeddable":true,"href":"http:\/\/www.gestcat.cat\/index.php?rest_route=%2Fwp%2Fv2%2Ftags&post=1197"}],"curies":[{"name":"wp","href":"https:\/\/api.w.org\/{rel}","templated":true}]}}