{"id":1222,"date":"2015-02-16T10:06:24","date_gmt":"2015-02-16T10:06:24","guid":{"rendered":"http:\/\/www.gestcat.cat\/?p=1222"},"modified":"2015-05-28T20:15:24","modified_gmt":"2015-05-28T20:15:24","slug":"artur-mas-omple-la-sala-dactes-de-la-fub","status":"publish","type":"post","link":"http:\/\/www.gestcat.cat\/?p=1222","title":{"rendered":"M.H. Artur Mas presideix acte de Gest! a la FUB"},"content":{"rendered":"<p>[vc_row][vc_column][vc_column_text]El President de la Generalitat de Catalunya, Artur Mas ha omplert aquest dilluns a la tarda la sala d&#8217;actes de la FUB amb una confer\u00e8ncia adre\u00e7ada principalment a estudiants encara que tamb\u00e9 ha estat oberta al p\u00fablic en general. La confer\u00e8ncia del cap de l&#8217;executiu catal\u00e0, organitzada per Gest!, ha comen\u00e7at a tres quarts de set de la tarda i l&#8217;objectiu, segons explicava el president de Gest!, Josep Sinca, \u00e9s que els joves tinguin una participaci\u00f3 activa en l&#8217;acte i fins i tot es pugui establir di\u00e0leg amb el President catal\u00e0 amb un intercanvi d&#8217;impressions sobre la situaci\u00f3 actual.<\/p>\n<p>Les comunicacions de Manresa amb Barcelona han estat un dels temes posats sobre la taula. A parer de Mas, la Generalitat t\u00e9 poca capacitat de millorar la situaci\u00f3 a trav\u00e9s del ferrocarril. Aposta per aprofitar l&#8217;autopista i recorda que &#8220;no hi ha carreteres gratis: o b\u00e9 hi ha peatges que paguen els usuaris o b\u00e9 hi ha impostos que paguen els ciutadans&#8221;.<\/p>\n<p>El President tamb\u00e9 ha parlat de l&#8217;esfor\u00e7 del Govern per fer universitat i empresa m\u00e9s permeables amb l&#8217;objectiu de dur les idees al mercat, i ha remarcat la import\u00e0ncia del doctorats industrials, &#8220;una iniciativa per introduir el coneixement acad\u00e8mic a l&#8217;empresa&#8221;. Amb tot, ha reconegut que a Catalunya hi ha moltes coses per fer i ha comparat el pa\u00eds amb Israel, amb la mateixa demografia i riquesa, per\u00f2 on es generen quatre vegades m\u00e9s start-ups. &#8220;Hi ha molt a fer en innovaci\u00f3&#8221;, ha assenyalat.<\/p>\n<p>Dels beneficis d&#8217;una Catalunya independent en mat\u00e8ria universit\u00e0ria, Mas ha dit que &#8220;un estat propi ens permetria disposar d&#8217;uns recursos per al propi sistema universitari que ara van cap a l&#8217;estat&#8221;.<\/p>\n<p>L&#8217;acte ha servit per posar en contacte la joventut dels estudiants amb l&#8217;experi\u00e8ncia dels membres de Gest!. Aquesta associaci\u00f3 est\u00e0 formada per empresaris s\u00e8niors de la Catalunya Central amb una destacada traject\u00f2ria en en diferents sectors del m\u00f3n empresarial i econ\u00f2mic. La principal activitat d&#8217;aquesta entitat \u00e9s posar l&#8217;experi\u00e8ncia dels seus membres al servei dels emprenedors que volen posar en funcionament el seu propi projecte. Tamb\u00e9 porten a terme altres activitats relacionades amb la promoci\u00f3 econ\u00f2mica i empresarial, ja que el seu objectiu \u00e9s participar en l&#8217;enfortiment de l&#8217;economia i del teixit empresarial del territori. Actualment, l&#8217;associaci\u00f3 t\u00e9 un total de 23 membres i est\u00e0 assessorant 28 projectes empresarials.<\/p>\n<p>[\/vc_column_text][\/vc_column][\/vc_row][vc_row][vc_column width=&#8221;1\/1&#8243;][vc_gallery type=&#8221;image_grid&#8221; interval=&#8221;3&#8243; images=&#8221;1239,1323,1324,1325,1225,1322,1223&#8243; onclick=&#8221;link_image&#8221; custom_links_target=&#8221;_self&#8221; title=&#8221;Imatges de la jornada&#8221;][\/vc_column][\/vc_row]<\/p>\n","protected":false},"excerpt":{"rendered":"<p>[vc_row][vc_column][vc_column_text]El President de la Generalitat de Catalunya, Artur Mas ha omplert aquest dilluns a la tarda la sala d&#8217;actes de la FUB amb una confer\u00e8ncia adre\u00e7ada principalment a estudiants encara que tamb\u00e9 ha estat oberta al p\u00fablic en general. La confer\u00e8ncia del cap de l&#8217;executiu catal\u00e0, organitzada per Gest!, ha comen\u00e7at a tres quarts de [&hellip;]<\/p>\n","protected":false},"author":1,"featured_media":1239,"comment_status":"closed","ping_status":"open","sticky":false,"template":"","format":"standard","meta":[],"categories":[3],"tags":[],"_links":{"self":[{"href":"http:\/\/www.gestcat.cat\/index.php?rest_route=\/wp\/v2\/posts\/1222"}],"collection":[{"href":"http:\/\/www.gestcat.cat\/index.php?rest_route=\/wp\/v2\/posts"}],"about":[{"href":"http:\/\/www.gestcat.cat\/index.php?rest_route=\/wp\/v2\/types\/post"}],"author":[{"embeddable":true,"href":"http:\/\/www.gestcat.cat\/index.php?rest_route=\/wp\/v2\/users\/1"}],"replies":[{"embeddable":true,"href":"http:\/\/www.gestcat.cat\/index.php?rest_route=%2Fwp%2Fv2%2Fcomments&post=1222"}],"version-history":[{"count":14,"href":"http:\/\/www.gestcat.cat\/index.php?rest_route=\/wp\/v2\/posts\/1222\/revisions"}],"predecessor-version":[{"id":1326,"href":"http:\/\/www.gestcat.cat\/index.php?rest_route=\/wp\/v2\/posts\/1222\/revisions\/1326"}],"wp:featuredmedia":[{"embeddable":true,"href":"http:\/\/www.gestcat.cat\/index.php?rest_route=\/wp\/v2\/media\/1239"}],"wp:attachment":[{"href":"http:\/\/www.gestcat.cat\/index.php?rest_route=%2Fwp%2Fv2%2Fmedia&parent=1222"}],"wp:term":[{"taxonomy":"category","embeddable":true,"href":"http:\/\/www.gestcat.cat\/index.php?rest_route=%2Fwp%2Fv2%2Fcategories&post=1222"},{"taxonomy":"post_tag","embeddable":true,"href":"http:\/\/www.gestcat.cat\/index.php?rest_route=%2Fwp%2Fv2%2Ftags&post=1222"}],"curies":[{"name":"wp","href":"https:\/\/api.w.org\/{rel}","templated":true}]}}