{"id":1499,"date":"2015-05-04T15:50:39","date_gmt":"2015-05-04T15:50:39","guid":{"rendered":"http:\/\/www.gestcat.cat\/?p=1499"},"modified":"2015-05-13T17:00:00","modified_gmt":"2015-05-13T17:00:00","slug":"nota-premsa-cicle-conferencies-catalunya-pensar-el-present-imaginar-el-futur","status":"publish","type":"post","link":"http:\/\/www.gestcat.cat\/?p=1499","title":{"rendered":"Nota premsa 1\u00aa confer\u00e8ncia Cicle confer\u00e8ncies"},"content":{"rendered":"<p>[vc_row][vc_column width=&#8221;1\/1&#8243;][vc_column_text]<\/p>\n<p>&nbsp;<\/p>\n<p>&nbsp;<\/p>\n<p>Nota de premsa<\/p>\n<p>MIQUEL PUIG OBRIR\u00c0 EL PRIMER CICLE DE CONFER\u00c8NCIES ORGANITZADES PER GEST!<\/p>\n<p>L\u2019Associaci\u00f3 de Professionals S\u00e8niors al Servei del Territori, <a href=\"http:\/\/www.gestcat.cat\/\">Gest<\/a>!, organitza un primer cicle de confer\u00e8ncies amb el t\u00edtol de \u2018Catalunya, pensar el present, imaginar el futur\u2019, amb l\u2019objectiu de convidar a reflexionar sobre la situaci\u00f3 pol\u00edtica i econ\u00f2mica que viu actualment el pa\u00eds. Miquel Puig Raposo estrenar\u00e0 el cicle amb la xerrada \u2018Com hem arribat fins aqu\u00ed? Visi\u00f3 econ\u00f2mica dels problemes i de les opcions\u2019, el 7 de maig, a les 7 de la tarda, a la sala d\u2019actes de la Fundaci\u00f3 Universit\u00e0ria del Bages (FUB).<\/p>\n<p>Miquel Puig \u00e9s doctor en Ci\u00e8ncies Econ\u00f2miques per la Universitat de Barcelona. Ha realitzat estudis de la Universitat Complutense de Madrid, al MIT, a l\u2019Escola d\u2019Administraci\u00f3 P\u00fablica i a la J.F.Kennedy School of Goverment de la Universitat de Harvard. Actualment \u00e9s director general de Consorci de Serveis Universitaris de Catalunya. Ha estat director general d\u2019Abertis Airports, de la Corporaci\u00f3 Catalana de R\u00e0dio i Televisi\u00f3, de Seguretat i Qualitat Industrial i d\u2019Ind\u00fastria; secretari general d\u2019Ind\u00fastria, Comer\u00e7 i Turisme i comissionat per la Societat de la Informaci\u00f3. \u00c9s professor associat a la Universitat Pompeu Fabra i titular de teoria econ\u00f2mica a la Universitat de Barcelona. Ha publicat diferents obres sobre economia i col\u00b7labora habitualment en diferents mitjans de comunicaci\u00f3.<\/p>\n<p>El cicle, que compta amb la col\u00b7laboraci\u00f3 de la <a href=\"http:\/\/www.umanresa.cat\">Fundaci\u00f3 Universit\u00e0ria del Bages<\/a>, tindr\u00e0 continu\u00eftat durant els mesos de maig i juny, amb dues confer\u00e8ncies m\u00e9s a c\u00e0rrec de Juanjo L\u00f3pez-Burniol, notari i membre de la Comissi\u00f3 Jur\u00eddica Assessora de la Generalitat de Catalunya, que parlar\u00e0, el 20 de maig, sobre \u2018La tercera via: l\u2019estat federal\u2019; i Anton Costas, catedr\u00e0tic de pol\u00edtica econ\u00f2mica de la Universitat de Barcelona i president del Cercle d\u2019Economia, que ho far\u00e0, el 30 de juny, sobre \u2018El m\u00f3n que ve (reptes i tend\u00e8ncies de la propera d\u00e8cada)\u2018.<\/p>\n<p>&nbsp;<\/p>\n<p>&nbsp;<\/p>\n<p>&nbsp;<\/p>\n<p>Manresa, 4 de maig de 2015[\/vc_column_text][\/vc_column][\/vc_row][vc_row][vc_column width=&#8221;1\/1&#8243;][vc_gallery type=&#8221;image_grid&#8221; interval=&#8221;3&#8243; images=&#8221;1528&#8243; onclick=&#8221;link_image&#8221; custom_links_target=&#8221;_self&#8221;][\/vc_column][\/vc_row]<\/p>\n","protected":false},"excerpt":{"rendered":"<p>[vc_row][vc_column width=&#8221;1\/1&#8243;][vc_column_text] &nbsp; &nbsp; Nota de premsa MIQUEL PUIG OBRIR\u00c0 EL PRIMER CICLE DE CONFER\u00c8NCIES ORGANITZADES PER GEST! L\u2019Associaci\u00f3 de Professionals S\u00e8niors al Servei del Territori, Gest!, organitza un primer cicle de confer\u00e8ncies amb el t\u00edtol de \u2018Catalunya, pensar el present, imaginar el futur\u2019, amb l\u2019objectiu de convidar a reflexionar sobre la situaci\u00f3 pol\u00edtica i [&hellip;]<\/p>\n","protected":false},"author":3,"featured_media":1528,"comment_status":"closed","ping_status":"open","sticky":false,"template":"","format":"standard","meta":[],"categories":[3,24],"tags":[],"_links":{"self":[{"href":"http:\/\/www.gestcat.cat\/index.php?rest_route=\/wp\/v2\/posts\/1499"}],"collection":[{"href":"http:\/\/www.gestcat.cat\/index.php?rest_route=\/wp\/v2\/posts"}],"about":[{"href":"http:\/\/www.gestcat.cat\/index.php?rest_route=\/wp\/v2\/types\/post"}],"author":[{"embeddable":true,"href":"http:\/\/www.gestcat.cat\/index.php?rest_route=\/wp\/v2\/users\/3"}],"replies":[{"embeddable":true,"href":"http:\/\/www.gestcat.cat\/index.php?rest_route=%2Fwp%2Fv2%2Fcomments&post=1499"}],"version-history":[{"count":5,"href":"http:\/\/www.gestcat.cat\/index.php?rest_route=\/wp\/v2\/posts\/1499\/revisions"}],"predecessor-version":[{"id":1529,"href":"http:\/\/www.gestcat.cat\/index.php?rest_route=\/wp\/v2\/posts\/1499\/revisions\/1529"}],"wp:featuredmedia":[{"embeddable":true,"href":"http:\/\/www.gestcat.cat\/index.php?rest_route=\/wp\/v2\/media\/1528"}],"wp:attachment":[{"href":"http:\/\/www.gestcat.cat\/index.php?rest_route=%2Fwp%2Fv2%2Fmedia&parent=1499"}],"wp:term":[{"taxonomy":"category","embeddable":true,"href":"http:\/\/www.gestcat.cat\/index.php?rest_route=%2Fwp%2Fv2%2Fcategories&post=1499"},{"taxonomy":"post_tag","embeddable":true,"href":"http:\/\/www.gestcat.cat\/index.php?rest_route=%2Fwp%2Fv2%2Ftags&post=1499"}],"curies":[{"name":"wp","href":"https:\/\/api.w.org\/{rel}","templated":true}]}}