{"id":1503,"date":"2015-05-08T08:46:28","date_gmt":"2015-05-08T08:46:28","guid":{"rendered":"http:\/\/www.gestcat.cat\/?p=1503"},"modified":"2015-05-08T11:09:06","modified_gmt":"2015-05-08T11:09:06","slug":"conferencia-dr-miquel-puig","status":"publish","type":"post","link":"http:\/\/www.gestcat.cat\/?p=1503","title":{"rendered":"Confer\u00e8ncia Dr. Miquel Puig"},"content":{"rendered":"<p>[vc_row][vc_column width=&#8221;1\/1&#8243;][vc_column_text]Dijous 7 de maig hem iniciat el cicle de confer\u00e8ncies &#8220;Catalunya, pensar el present, imaginar el futur&#8221;<\/p>\n<p>La primera confer\u00e8ncia del cicle ha anat a c\u00e0rrec del Dr. Miquel Puig\u00a0que sota el t\u00edtol &#8220;Com hem arribat fins aqu\u00ed?&#8221; ens ha donat una visi\u00f3 hist\u00f2rica i econ\u00f2mica de la relaci\u00f3 entre Catalunya i Espanya des de 1714 fins l&#8217;actualitat.[\/vc_column_text][vc_gallery type=&#8221;image_grid&#8221; interval=&#8221;3&#8243; images=&#8221;1510,1509,1508&#8243; onclick=&#8221;link_image&#8221; custom_links_target=&#8221;_self&#8221;][\/vc_column][\/vc_row]<\/p>\n","protected":false},"excerpt":{"rendered":"<p>[vc_row][vc_column width=&#8221;1\/1&#8243;][vc_column_text]Dijous 7 de maig hem iniciat el cicle de confer\u00e8ncies &#8220;Catalunya, pensar el present, imaginar el futur&#8221; La primera confer\u00e8ncia del cicle ha anat a c\u00e0rrec del Dr. Miquel Puig\u00a0que sota el t\u00edtol &#8220;Com hem arribat fins aqu\u00ed?&#8221; ens ha donat una visi\u00f3 hist\u00f2rica i econ\u00f2mica de la relaci\u00f3 entre Catalunya i Espanya des [&hellip;]<\/p>\n","protected":false},"author":3,"featured_media":1509,"comment_status":"closed","ping_status":"open","sticky":false,"template":"","format":"standard","meta":[],"categories":[3],"tags":[],"_links":{"self":[{"href":"http:\/\/www.gestcat.cat\/index.php?rest_route=\/wp\/v2\/posts\/1503"}],"collection":[{"href":"http:\/\/www.gestcat.cat\/index.php?rest_route=\/wp\/v2\/posts"}],"about":[{"href":"http:\/\/www.gestcat.cat\/index.php?rest_route=\/wp\/v2\/types\/post"}],"author":[{"embeddable":true,"href":"http:\/\/www.gestcat.cat\/index.php?rest_route=\/wp\/v2\/users\/3"}],"replies":[{"embeddable":true,"href":"http:\/\/www.gestcat.cat\/index.php?rest_route=%2Fwp%2Fv2%2Fcomments&post=1503"}],"version-history":[{"count":3,"href":"http:\/\/www.gestcat.cat\/index.php?rest_route=\/wp\/v2\/posts\/1503\/revisions"}],"predecessor-version":[{"id":1512,"href":"http:\/\/www.gestcat.cat\/index.php?rest_route=\/wp\/v2\/posts\/1503\/revisions\/1512"}],"wp:featuredmedia":[{"embeddable":true,"href":"http:\/\/www.gestcat.cat\/index.php?rest_route=\/wp\/v2\/media\/1509"}],"wp:attachment":[{"href":"http:\/\/www.gestcat.cat\/index.php?rest_route=%2Fwp%2Fv2%2Fmedia&parent=1503"}],"wp:term":[{"taxonomy":"category","embeddable":true,"href":"http:\/\/www.gestcat.cat\/index.php?rest_route=%2Fwp%2Fv2%2Fcategories&post=1503"},{"taxonomy":"post_tag","embeddable":true,"href":"http:\/\/www.gestcat.cat\/index.php?rest_route=%2Fwp%2Fv2%2Ftags&post=1503"}],"curies":[{"name":"wp","href":"https:\/\/api.w.org\/{rel}","templated":true}]}}