{"id":1521,"date":"2015-05-13T16:50:02","date_gmt":"2015-05-13T16:50:02","guid":{"rendered":"http:\/\/www.gestcat.cat\/?p=1521"},"modified":"2015-05-13T19:47:27","modified_gmt":"2015-05-13T19:47:27","slug":"nota-de-premsa-2a-conferencia-cicle-conferencies","status":"publish","type":"post","link":"http:\/\/www.gestcat.cat\/?p=1521","title":{"rendered":"Nota de premsa 2\u00aa confer\u00e8ncia cicle confer\u00e8ncies"},"content":{"rendered":"<p>[vc_row][vc_column][vc_column_text]L\u00d3PEZ-BURNIOL PARLAR\u00c0 DE LA VIA FEDERAL<\/p>\n<p>El notari i membre de la Comissi\u00f3 Jur\u00eddica Assessora de la Generalitat de Catalunya, Juanjo L\u00f3pez-Burniol, ser\u00e0 el dia 20 de maig a UManresa-FUB per participar en el cicle de confer\u00e8ncies \u2018Catalunya, pensar el present, imaginar el futur\u2019, que organitza Gest!\u00a0Associaci\u00f3 de Professionals S\u00e8niors al Servei del Territori. La confer\u00e8ncia s\u2019emmarca tamb\u00e9 en el cicle Fem Empresa, que organitzen els estudis d\u2019Empresa, i que aquest curs es clour\u00e0 amb aquesta xerrada.<\/p>\n<p>L\u00f3pez-Burniol parlar\u00e0 de \u2018La tercera via: l\u2019estat federal\u2019 en una confer\u00e8ncia que comen\u00e7ar\u00e0 a les set de la tarda, a la Sala d\u2019Actes de la Fundaci\u00f3 Universit\u00e0ria del Bages, i que \u00e9s oberta a tothom.<\/p>\n<p>El cicle de confer\u00e8ncies de Gest!, que t\u00e9 com a objectiu reflexionar sobre la situaci\u00f3 pol\u00edtica i econ\u00f2mica que viu el pa\u00eds, continuar\u00e0 el dia 30 de juny amb la intervenci\u00f3 d\u2019Anton Costas, catedr\u00e0tic de pol\u00edtica econ\u00f2mica de la Universitat de Barcelona i president del Cercle d\u2019Economia. Costas parlar\u00e0 sobre \u2018El m\u00f3n que ve (reptes i tend\u00e8ncies de la propera d\u00e8cada)\u2019.<\/p>\n<p>Manresa, 12 de maig de 2015[\/vc_column_text][\/vc_column][\/vc_row][vc_row][vc_column width=&#8221;1\/1&#8243;][vc_gallery type=&#8221;image_grid&#8221; interval=&#8221;3&#8243; onclick=&#8221;link_image&#8221; custom_links_target=&#8221;_self&#8221; images=&#8221;1537&#8243;][\/vc_column][\/vc_row]<\/p>\n","protected":false},"excerpt":{"rendered":"<p>[vc_row][vc_column][vc_column_text]L\u00d3PEZ-BURNIOL PARLAR\u00c0 DE LA VIA FEDERAL El notari i membre de la Comissi\u00f3 Jur\u00eddica Assessora de la Generalitat de Catalunya, Juanjo L\u00f3pez-Burniol, ser\u00e0 el dia 20 de maig a UManresa-FUB per participar en el cicle de confer\u00e8ncies \u2018Catalunya, pensar el present, imaginar el futur\u2019, que organitza Gest!\u00a0Associaci\u00f3 de Professionals S\u00e8niors al Servei del Territori. La [&hellip;]<\/p>\n","protected":false},"author":3,"featured_media":1537,"comment_status":"closed","ping_status":"open","sticky":false,"template":"","format":"standard","meta":[],"categories":[3,24],"tags":[],"_links":{"self":[{"href":"http:\/\/www.gestcat.cat\/index.php?rest_route=\/wp\/v2\/posts\/1521"}],"collection":[{"href":"http:\/\/www.gestcat.cat\/index.php?rest_route=\/wp\/v2\/posts"}],"about":[{"href":"http:\/\/www.gestcat.cat\/index.php?rest_route=\/wp\/v2\/types\/post"}],"author":[{"embeddable":true,"href":"http:\/\/www.gestcat.cat\/index.php?rest_route=\/wp\/v2\/users\/3"}],"replies":[{"embeddable":true,"href":"http:\/\/www.gestcat.cat\/index.php?rest_route=%2Fwp%2Fv2%2Fcomments&post=1521"}],"version-history":[{"count":6,"href":"http:\/\/www.gestcat.cat\/index.php?rest_route=\/wp\/v2\/posts\/1521\/revisions"}],"predecessor-version":[{"id":1539,"href":"http:\/\/www.gestcat.cat\/index.php?rest_route=\/wp\/v2\/posts\/1521\/revisions\/1539"}],"wp:featuredmedia":[{"embeddable":true,"href":"http:\/\/www.gestcat.cat\/index.php?rest_route=\/wp\/v2\/media\/1537"}],"wp:attachment":[{"href":"http:\/\/www.gestcat.cat\/index.php?rest_route=%2Fwp%2Fv2%2Fmedia&parent=1521"}],"wp:term":[{"taxonomy":"category","embeddable":true,"href":"http:\/\/www.gestcat.cat\/index.php?rest_route=%2Fwp%2Fv2%2Fcategories&post=1521"},{"taxonomy":"post_tag","embeddable":true,"href":"http:\/\/www.gestcat.cat\/index.php?rest_route=%2Fwp%2Fv2%2Ftags&post=1521"}],"curies":[{"name":"wp","href":"https:\/\/api.w.org\/{rel}","templated":true}]}}