{"id":1610,"date":"2015-06-07T19:37:58","date_gmt":"2015-06-07T19:37:58","guid":{"rendered":"http:\/\/www.gestcat.cat\/?p=1610"},"modified":"2015-06-08T17:34:17","modified_gmt":"2015-06-08T17:34:17","slug":"la-catalunya-industrial-impuls-dels-7-ambits-estrategics","status":"publish","type":"post","link":"http:\/\/www.gestcat.cat\/?p=1610","title":{"rendered":"LA CATALUNYA INDUSTRIAL"},"content":{"rendered":"<p>[vc_row][vc_column width=&#8221;1\/1&#8243;][vc_column_text]<strong>LA CATALUNYA INDUSTRIAL &#8211; Impuls dels 7 \u00e0mbits industrials estrat\u00e9gics<\/strong><\/p>\n<p style=\"margin: 0cm; margin-bottom: .0001pt; text-align: justify;\"><span style=\"font-size: 11.0pt;\">La Generalitat de Catalunya presentar\u00e0 dimecres 10 de juny davant els empresaris de la Catalunya Central els plans d\u2019actuaci\u00f3 dels 7 \u00e0mbits de l\u2019estrat\u00e8gia industrial per a Catalunya. L\u2019acte tindr\u00e0 lloc al Palau Firal de Manresa a les 11:00 a c\u00e0rrec del director general d\u2019Ind\u00fastria, Antoni Ma. Grau. En l\u2019organitzaci\u00f3 tamb\u00e9 hi ha participat <strong>GEST!<\/strong>, l\u2019Associaci\u00f3 de Professionals S\u00e8niors al servei del Territori.<\/span><\/p>\n<p style=\"margin: 0cm; margin-bottom: .0001pt; text-align: justify;\"><span style=\"font-size: 11.0pt;\">\u00a0<\/span><\/p>\n<p style=\"margin: 0cm; margin-bottom: .0001pt; text-align: justify;\"><span style=\"font-size: 11.0pt;\">Els 7 plans d\u2019impuls contenen mesures i accions concretes per impulsar els \u00e0mbits estrat\u00e8gics (ind\u00fastries aliment\u00e0ries; qu\u00edmica, energia i recursos; sistemes industrials; ind\u00fastries del disseny; mobilitat sostenible; salut i ci\u00e8ncies de la vida; i ind\u00fastries culturals i basades en l\u2019experi\u00e8ncia). L\u2019objectiu final \u00e9s que l\u2019activitat industrial a Catalunya sumi l\u2019any 2020 el 25% del PIB. \u00a0Clour\u00e0 la sessi\u00f3 el delegat del Govern a la Catalunya Central, Juli Gendrau. <\/span><\/p>\n<p>[\/vc_column_text][\/vc_column][\/vc_row][vc_row][vc_column width=&#8221;1\/1&#8243;][vc_gallery type=&#8221;image_grid&#8221; interval=&#8221;3&#8243; images=&#8221;1613&#8243; onclick=&#8221;link_image&#8221; custom_links_target=&#8221;_self&#8221;][\/vc_column][\/vc_row]<\/p>\n","protected":false},"excerpt":{"rendered":"<p>[vc_row][vc_column width=&#8221;1\/1&#8243;][vc_column_text]LA CATALUNYA INDUSTRIAL &#8211; Impuls dels 7 \u00e0mbits industrials estrat\u00e9gics La Generalitat de Catalunya presentar\u00e0 dimecres 10 de juny davant els empresaris de la Catalunya Central els plans d\u2019actuaci\u00f3 dels 7 \u00e0mbits de l\u2019estrat\u00e8gia industrial per a Catalunya. L\u2019acte tindr\u00e0 lloc al Palau Firal de Manresa a les 11:00 a c\u00e0rrec del director general [&hellip;]<\/p>\n","protected":false},"author":3,"featured_media":1613,"comment_status":"closed","ping_status":"open","sticky":false,"template":"","format":"standard","meta":[],"categories":[1,3],"tags":[],"_links":{"self":[{"href":"http:\/\/www.gestcat.cat\/index.php?rest_route=\/wp\/v2\/posts\/1610"}],"collection":[{"href":"http:\/\/www.gestcat.cat\/index.php?rest_route=\/wp\/v2\/posts"}],"about":[{"href":"http:\/\/www.gestcat.cat\/index.php?rest_route=\/wp\/v2\/types\/post"}],"author":[{"embeddable":true,"href":"http:\/\/www.gestcat.cat\/index.php?rest_route=\/wp\/v2\/users\/3"}],"replies":[{"embeddable":true,"href":"http:\/\/www.gestcat.cat\/index.php?rest_route=%2Fwp%2Fv2%2Fcomments&post=1610"}],"version-history":[{"count":6,"href":"http:\/\/www.gestcat.cat\/index.php?rest_route=\/wp\/v2\/posts\/1610\/revisions"}],"predecessor-version":[{"id":1619,"href":"http:\/\/www.gestcat.cat\/index.php?rest_route=\/wp\/v2\/posts\/1610\/revisions\/1619"}],"wp:featuredmedia":[{"embeddable":true,"href":"http:\/\/www.gestcat.cat\/index.php?rest_route=\/wp\/v2\/media\/1613"}],"wp:attachment":[{"href":"http:\/\/www.gestcat.cat\/index.php?rest_route=%2Fwp%2Fv2%2Fmedia&parent=1610"}],"wp:term":[{"taxonomy":"category","embeddable":true,"href":"http:\/\/www.gestcat.cat\/index.php?rest_route=%2Fwp%2Fv2%2Fcategories&post=1610"},{"taxonomy":"post_tag","embeddable":true,"href":"http:\/\/www.gestcat.cat\/index.php?rest_route=%2Fwp%2Fv2%2Ftags&post=1610"}],"curies":[{"name":"wp","href":"https:\/\/api.w.org\/{rel}","templated":true}]}}