{"id":1627,"date":"2015-06-10T09:23:21","date_gmt":"2015-06-10T09:23:21","guid":{"rendered":"http:\/\/www.gestcat.cat\/?p=1627"},"modified":"2015-06-11T09:22:47","modified_gmt":"2015-06-11T09:22:47","slug":"conferencia-una-estrategia-industrial-per-catalunya","status":"publish","type":"post","link":"http:\/\/www.gestcat.cat\/?p=1627","title":{"rendered":"&#8220;UNA ESTRAT\u00c8GIA INDUSTRIAL PER CATALUNYA&#8221;"},"content":{"rendered":"<p>[vc_row][vc_column][vc_column_text]Fotografies de la confer\u00e8ncia organitzada pel Departament d&#8217;Empresa i Ocupaci\u00f3 de la Generalitat de Catalunya i\u00a0<strong>Gest!\u00a0<\/strong>a c\u00e0rrec del Director General d&#8217;Industria Sr. Antoni M. Grau.<\/p>\n<p>En aquest enlla\u00e7 accedireu a la pon\u00e8ncia del Sr. Grau<\/p>\n<p><a href=\"http:\/\/www.gestcat.cat\/wp-content\/uploads\/2015\/06\/20150610-Estrat\u00e8gia-Industrial.pdf\">20150610 Estrat\u00e8gia Industrial<\/a>[\/vc_column_text][\/vc_column][\/vc_row][vc_row][vc_column width=&#8221;1\/1&#8243;][vc_gallery type=&#8221;image_grid&#8221; interval=&#8221;3&#8243; images=&#8221;1638,1633,1631&#8243; onclick=&#8221;link_image&#8221; custom_links_target=&#8221;_self&#8221;][\/vc_column][\/vc_row]<\/p>\n","protected":false},"excerpt":{"rendered":"<p>[vc_row][vc_column][vc_column_text]Fotografies de la confer\u00e8ncia organitzada pel Departament d&#8217;Empresa i Ocupaci\u00f3 de la Generalitat de Catalunya i\u00a0Gest!\u00a0a c\u00e0rrec del Director General d&#8217;Industria Sr. Antoni M. Grau. En aquest enlla\u00e7 accedireu a la pon\u00e8ncia del Sr. Grau 20150610 Estrat\u00e8gia Industrial[\/vc_column_text][\/vc_column][\/vc_row][vc_row][vc_column width=&#8221;1\/1&#8243;][vc_gallery type=&#8221;image_grid&#8221; interval=&#8221;3&#8243; images=&#8221;1638,1633,1631&#8243; onclick=&#8221;link_image&#8221; custom_links_target=&#8221;_self&#8221;][\/vc_column][\/vc_row]<\/p>\n","protected":false},"author":3,"featured_media":1633,"comment_status":"closed","ping_status":"open","sticky":false,"template":"","format":"standard","meta":[],"categories":[1,3],"tags":[],"_links":{"self":[{"href":"http:\/\/www.gestcat.cat\/index.php?rest_route=\/wp\/v2\/posts\/1627"}],"collection":[{"href":"http:\/\/www.gestcat.cat\/index.php?rest_route=\/wp\/v2\/posts"}],"about":[{"href":"http:\/\/www.gestcat.cat\/index.php?rest_route=\/wp\/v2\/types\/post"}],"author":[{"embeddable":true,"href":"http:\/\/www.gestcat.cat\/index.php?rest_route=\/wp\/v2\/users\/3"}],"replies":[{"embeddable":true,"href":"http:\/\/www.gestcat.cat\/index.php?rest_route=%2Fwp%2Fv2%2Fcomments&post=1627"}],"version-history":[{"count":7,"href":"http:\/\/www.gestcat.cat\/index.php?rest_route=\/wp\/v2\/posts\/1627\/revisions"}],"predecessor-version":[{"id":1641,"href":"http:\/\/www.gestcat.cat\/index.php?rest_route=\/wp\/v2\/posts\/1627\/revisions\/1641"}],"wp:featuredmedia":[{"embeddable":true,"href":"http:\/\/www.gestcat.cat\/index.php?rest_route=\/wp\/v2\/media\/1633"}],"wp:attachment":[{"href":"http:\/\/www.gestcat.cat\/index.php?rest_route=%2Fwp%2Fv2%2Fmedia&parent=1627"}],"wp:term":[{"taxonomy":"category","embeddable":true,"href":"http:\/\/www.gestcat.cat\/index.php?rest_route=%2Fwp%2Fv2%2Fcategories&post=1627"},{"taxonomy":"post_tag","embeddable":true,"href":"http:\/\/www.gestcat.cat\/index.php?rest_route=%2Fwp%2Fv2%2Ftags&post=1627"}],"curies":[{"name":"wp","href":"https:\/\/api.w.org\/{rel}","templated":true}]}}