{"id":1642,"date":"2015-06-11T17:25:52","date_gmt":"2015-06-11T17:25:52","guid":{"rendered":"http:\/\/www.gestcat.cat\/?p=1642"},"modified":"2015-06-11T17:30:40","modified_gmt":"2015-06-11T17:30:40","slug":"regio-7-11-de-juny-del-2015","status":"publish","type":"post","link":"http:\/\/www.gestcat.cat\/?p=1642","title":{"rendered":"REGIO 7 &#8211; 11 DE JUNY DEL 2015"},"content":{"rendered":"<p>[vc_row][vc_column][vc_column_text]Article publicat al Regi\u00f3 7 de la presentaci\u00f3 dels 7 \u00e0mbits d&#8217;acci\u00f3 en la estrat\u00e8gia industrial de Catalunya fins l&#8217;any 2020. L&#8217;acte va ser organitzat per la Direcci\u00f3 General d&#8217;Ind\u00fastria de la Generalitat de Catalunya amb la col\u00b7laboraci\u00f3 de\u00a0<strong>Gest!<\/strong>[\/vc_column_text][\/vc_column][\/vc_row][vc_row][vc_column width=&#8221;1\/1&#8243;][vc_gallery type=&#8221;image_grid&#8221; interval=&#8221;3&#8243; images=&#8221;1643&#8243; onclick=&#8221;link_image&#8221; custom_links_target=&#8221;_self&#8221;][\/vc_column][\/vc_row]<\/p>\n","protected":false},"excerpt":{"rendered":"<p>[vc_row][vc_column][vc_column_text]Article publicat al Regi\u00f3 7 de la presentaci\u00f3 dels 7 \u00e0mbits d&#8217;acci\u00f3 en la estrat\u00e8gia industrial de Catalunya fins l&#8217;any 2020. L&#8217;acte va ser organitzat per la Direcci\u00f3 General d&#8217;Ind\u00fastria de la Generalitat de Catalunya amb la col\u00b7laboraci\u00f3 de\u00a0Gest![\/vc_column_text][\/vc_column][\/vc_row][vc_row][vc_column width=&#8221;1\/1&#8243;][vc_gallery type=&#8221;image_grid&#8221; interval=&#8221;3&#8243; images=&#8221;1643&#8243; onclick=&#8221;link_image&#8221; custom_links_target=&#8221;_self&#8221;][\/vc_column][\/vc_row]<\/p>\n","protected":false},"author":3,"featured_media":1645,"comment_status":"closed","ping_status":"open","sticky":false,"template":"","format":"standard","meta":[],"categories":[1,3,22],"tags":[],"_links":{"self":[{"href":"http:\/\/www.gestcat.cat\/index.php?rest_route=\/wp\/v2\/posts\/1642"}],"collection":[{"href":"http:\/\/www.gestcat.cat\/index.php?rest_route=\/wp\/v2\/posts"}],"about":[{"href":"http:\/\/www.gestcat.cat\/index.php?rest_route=\/wp\/v2\/types\/post"}],"author":[{"embeddable":true,"href":"http:\/\/www.gestcat.cat\/index.php?rest_route=\/wp\/v2\/users\/3"}],"replies":[{"embeddable":true,"href":"http:\/\/www.gestcat.cat\/index.php?rest_route=%2Fwp%2Fv2%2Fcomments&post=1642"}],"version-history":[{"count":4,"href":"http:\/\/www.gestcat.cat\/index.php?rest_route=\/wp\/v2\/posts\/1642\/revisions"}],"predecessor-version":[{"id":1648,"href":"http:\/\/www.gestcat.cat\/index.php?rest_route=\/wp\/v2\/posts\/1642\/revisions\/1648"}],"wp:featuredmedia":[{"embeddable":true,"href":"http:\/\/www.gestcat.cat\/index.php?rest_route=\/wp\/v2\/media\/1645"}],"wp:attachment":[{"href":"http:\/\/www.gestcat.cat\/index.php?rest_route=%2Fwp%2Fv2%2Fmedia&parent=1642"}],"wp:term":[{"taxonomy":"category","embeddable":true,"href":"http:\/\/www.gestcat.cat\/index.php?rest_route=%2Fwp%2Fv2%2Fcategories&post=1642"},{"taxonomy":"post_tag","embeddable":true,"href":"http:\/\/www.gestcat.cat\/index.php?rest_route=%2Fwp%2Fv2%2Ftags&post=1642"}],"curies":[{"name":"wp","href":"https:\/\/api.w.org\/{rel}","templated":true}]}}