{"id":1747,"date":"2015-11-02T18:06:50","date_gmt":"2015-11-02T18:06:50","guid":{"rendered":"http:\/\/www.gestcat.cat\/?p=1747"},"modified":"2015-11-09T14:41:07","modified_gmt":"2015-11-09T14:41:07","slug":"gest-forma-part-del-jurat-uempren","status":"publish","type":"post","link":"http:\/\/www.gestcat.cat\/?p=1747","title":{"rendered":"Gest! forma part del jurat U Empr\u00e8n"},"content":{"rendered":"<p>[vc_row][vc_column width=&#8221;1\/1&#8243;][vc_column_text]Dijous 29 d&#8217;octubre a les instal\u00b7lacions de la F.U.B. (Universitat a Manresa) es va fer l&#8217;acte de presentaci\u00f3 p\u00fablica de cada un dels projectes competidors del programa UEmpr\u00e8n.<\/p>\n<p>Gest! forma part d&#8217;aquest tribunal tant des de l&#8217;an\u00e0lisi t\u00e8cnic de cada un dels projectes a la mateixa Universitat com de la presentaci\u00f3 \u00a0dels millors projectes al programa UEmpr\u00e8n.[\/vc_column_text][vc_gallery type=&#8221;image_grid&#8221; interval=&#8221;3&#8243; images=&#8221;1751,1748&#8243; onclick=&#8221;link_image&#8221; custom_links_target=&#8221;_self&#8221;][\/vc_column][\/vc_row]<\/p>\n","protected":false},"excerpt":{"rendered":"<p>[vc_row][vc_column width=&#8221;1\/1&#8243;][vc_column_text]Dijous 29 d&#8217;octubre a les instal\u00b7lacions de la F.U.B. (Universitat a Manresa) es va fer l&#8217;acte de presentaci\u00f3 p\u00fablica de cada un dels projectes competidors del programa UEmpr\u00e8n. Gest! forma part d&#8217;aquest tribunal tant des de l&#8217;an\u00e0lisi t\u00e8cnic de cada un dels projectes a la mateixa Universitat com de la presentaci\u00f3 \u00a0dels millors projectes [&hellip;]<\/p>\n","protected":false},"author":3,"featured_media":1748,"comment_status":"closed","ping_status":"open","sticky":false,"template":"","format":"standard","meta":[],"categories":[1,3,22],"tags":[],"_links":{"self":[{"href":"http:\/\/www.gestcat.cat\/index.php?rest_route=\/wp\/v2\/posts\/1747"}],"collection":[{"href":"http:\/\/www.gestcat.cat\/index.php?rest_route=\/wp\/v2\/posts"}],"about":[{"href":"http:\/\/www.gestcat.cat\/index.php?rest_route=\/wp\/v2\/types\/post"}],"author":[{"embeddable":true,"href":"http:\/\/www.gestcat.cat\/index.php?rest_route=\/wp\/v2\/users\/3"}],"replies":[{"embeddable":true,"href":"http:\/\/www.gestcat.cat\/index.php?rest_route=%2Fwp%2Fv2%2Fcomments&post=1747"}],"version-history":[{"count":3,"href":"http:\/\/www.gestcat.cat\/index.php?rest_route=\/wp\/v2\/posts\/1747\/revisions"}],"predecessor-version":[{"id":1762,"href":"http:\/\/www.gestcat.cat\/index.php?rest_route=\/wp\/v2\/posts\/1747\/revisions\/1762"}],"wp:featuredmedia":[{"embeddable":true,"href":"http:\/\/www.gestcat.cat\/index.php?rest_route=\/wp\/v2\/media\/1748"}],"wp:attachment":[{"href":"http:\/\/www.gestcat.cat\/index.php?rest_route=%2Fwp%2Fv2%2Fmedia&parent=1747"}],"wp:term":[{"taxonomy":"category","embeddable":true,"href":"http:\/\/www.gestcat.cat\/index.php?rest_route=%2Fwp%2Fv2%2Fcategories&post=1747"},{"taxonomy":"post_tag","embeddable":true,"href":"http:\/\/www.gestcat.cat\/index.php?rest_route=%2Fwp%2Fv2%2Ftags&post=1747"}],"curies":[{"name":"wp","href":"https:\/\/api.w.org\/{rel}","templated":true}]}}