{"id":1926,"date":"2016-05-06T15:22:43","date_gmt":"2016-05-06T15:22:43","guid":{"rendered":"http:\/\/www.gestcat.cat\/?p=1926"},"modified":"2016-05-06T15:32:55","modified_gmt":"2016-05-06T15:32:55","slug":"conferencia-ciencia-i-historia-cicle-3ct","status":"publish","type":"post","link":"http:\/\/www.gestcat.cat\/?p=1926","title":{"rendered":"CONFER\u00c8NCIA &#8220;CI\u00c8NCIA I HIST\u00d2RIA&#8221; CICLE 3Ct"},"content":{"rendered":"<p>[vc_row][vc_column width=&#8221;1\/1&#8243;][vc_column_text]Dijous 5 de maig l&#8217;Hble. conseller de Cultura de la Generalitat de Catalunya Sr. Santi Vila ens ha ofert una brillant confer\u00e8ncia sota el t\u00edtol &#8220;Recuperar la mem\u00f2ria, fer hist\u00f2ria&#8221; dins el clicle 3Ct.<\/p>\n<p>L&#8217;acte que ha estat presentat pel Sr. Joaquim Aloy, historiador i president de l&#8217;Associaci\u00f3 Mem\u00f2ria hist\u00f2rica de Manresa ha congregat m\u00e9s d&#8217;un centenar de persones que han omplert tot l&#8217;aforament de la sala d&#8217;actes de\u00a0la Fundaci\u00f3 Universit\u00e0ria del Bages (FUB-2)<\/p>\n<p>En acabar l&#8217;acte a l&#8217;edifici modernista &#8220;Ca la Buresa&#8221; on hi ha la seu social de Santasusana Corredoria d&#8217;assegurances, \u00a0patrocinador del cicle 3Ct, \u00a0hem celebrat un sopar que ha reunit al conseller Sr. Santi Vidal, al rector de la UVic Sr. Joan Monta\u00f1a, al secretari general de la UOC Sr. Pere Fabra, al diputat al Parlament de Catalunya Sr. David Bonveh\u00ed, als representants de les 5 Institucions organitzadores del cicle 3Ct (Gest!, FUB Manresa, UOC, Epsem-UPC i CTM-Eurecat) i als patrocinadors, en el transcurs del mateix s&#8217;han plantejat futurs projectes amb organitzaci\u00f3 compartida.[\/vc_column_text][\/vc_column][\/vc_row][vc_row][vc_column width=&#8221;1\/1&#8243;][vc_gallery type=&#8221;image_grid&#8221; interval=&#8221;3&#8243; images=&#8221;1918,1917,1916,1915,1914,1913,1912,1911,1910,1909,1908,1907,1906,1905,1904,1903,1902,1901&#8243; onclick=&#8221;link_image&#8221; custom_links_target=&#8221;_self&#8221; title=&#8221;CONFER\u00c8NCIA &#8220;CI\u00c8NCIA I HIST\u00d2RIA&#8220; CICLE 3Ct&#8221;][\/vc_column][\/vc_row]<\/p>\n","protected":false},"excerpt":{"rendered":"<p>[vc_row][vc_column width=&#8221;1\/1&#8243;][vc_column_text]Dijous 5 de maig l&#8217;Hble. conseller de Cultura de la Generalitat de Catalunya Sr. Santi Vila ens ha ofert una brillant confer\u00e8ncia sota el t\u00edtol &#8220;Recuperar la mem\u00f2ria, fer hist\u00f2ria&#8221; dins el clicle 3Ct. L&#8217;acte que ha estat presentat pel Sr. Joaquim Aloy, historiador i president de l&#8217;Associaci\u00f3 Mem\u00f2ria hist\u00f2rica de Manresa ha congregat [&hellip;]<\/p>\n","protected":false},"author":3,"featured_media":1920,"comment_status":"closed","ping_status":"open","sticky":false,"template":"","format":"standard","meta":[],"categories":[1,3],"tags":[],"_links":{"self":[{"href":"http:\/\/www.gestcat.cat\/index.php?rest_route=\/wp\/v2\/posts\/1926"}],"collection":[{"href":"http:\/\/www.gestcat.cat\/index.php?rest_route=\/wp\/v2\/posts"}],"about":[{"href":"http:\/\/www.gestcat.cat\/index.php?rest_route=\/wp\/v2\/types\/post"}],"author":[{"embeddable":true,"href":"http:\/\/www.gestcat.cat\/index.php?rest_route=\/wp\/v2\/users\/3"}],"replies":[{"embeddable":true,"href":"http:\/\/www.gestcat.cat\/index.php?rest_route=%2Fwp%2Fv2%2Fcomments&post=1926"}],"version-history":[{"count":2,"href":"http:\/\/www.gestcat.cat\/index.php?rest_route=\/wp\/v2\/posts\/1926\/revisions"}],"predecessor-version":[{"id":1928,"href":"http:\/\/www.gestcat.cat\/index.php?rest_route=\/wp\/v2\/posts\/1926\/revisions\/1928"}],"wp:featuredmedia":[{"embeddable":true,"href":"http:\/\/www.gestcat.cat\/index.php?rest_route=\/wp\/v2\/media\/1920"}],"wp:attachment":[{"href":"http:\/\/www.gestcat.cat\/index.php?rest_route=%2Fwp%2Fv2%2Fmedia&parent=1926"}],"wp:term":[{"taxonomy":"category","embeddable":true,"href":"http:\/\/www.gestcat.cat\/index.php?rest_route=%2Fwp%2Fv2%2Fcategories&post=1926"},{"taxonomy":"post_tag","embeddable":true,"href":"http:\/\/www.gestcat.cat\/index.php?rest_route=%2Fwp%2Fv2%2Ftags&post=1926"}],"curies":[{"name":"wp","href":"https:\/\/api.w.org\/{rel}","templated":true}]}}