{"id":1929,"date":"2016-09-26T21:19:43","date_gmt":"2016-09-26T21:19:43","guid":{"rendered":"http:\/\/www.gestcat.cat\/?p=1929"},"modified":"2016-09-26T21:19:43","modified_gmt":"2016-09-26T21:19:43","slug":"invitacio-sessio-informativa","status":"publish","type":"post","link":"http:\/\/www.gestcat.cat\/?p=1929","title":{"rendered":"Invitaci\u00f3 sessi\u00f3 informativa"},"content":{"rendered":"<p>[vc_row][vc_column width=&#8221;1\/1&#8243;][vc_column_text]<strong>a c\u00e0rrec de: <\/strong><strong>Sra. Mar Raluy, coordinadora territorial d\u2019ensenyaments professionals i del\u00a0<\/strong><strong>Sr. Joan Canyadell, gerent de la Fundaci\u00f3 Lacet\u00e0nia<\/strong><\/p>\n<p><strong>\u00a0<\/strong><strong>L\u2019objectiu d\u2019aquest acte \u00e9s facilitar als empresaris informaci\u00f3 actualitzada sobre els avantatges i possibilitats que ofereix la nova Formaci\u00f3 Professional Dual per dotar al seu personal de la formaci\u00f3 t\u00e8xtil b\u00e1sica a l\u2019alt nivel competitiu dels pa\u00efssos m\u00e9s avan\u00e7ats de la Comunitat Europea \u00a0<\/strong>[\/vc_column_text][\/vc_column][\/vc_row][vc_row][vc_column width=&#8221;1\/1&#8243;][vc_gallery type=&#8221;image_grid&#8221; interval=&#8221;3&#8243; images=&#8221;1930&#8243; onclick=&#8221;link_image&#8221; custom_links_target=&#8221;_self&#8221; title=&#8221;Invitaci\u00f3&#8221;][\/vc_column][\/vc_row]<\/p>\n","protected":false},"excerpt":{"rendered":"<p>[vc_row][vc_column width=&#8221;1\/1&#8243;][vc_column_text]a c\u00e0rrec de: Sra. Mar Raluy, coordinadora territorial d\u2019ensenyaments professionals i del\u00a0Sr. Joan Canyadell, gerent de la Fundaci\u00f3 Lacet\u00e0nia \u00a0L\u2019objectiu d\u2019aquest acte \u00e9s facilitar als empresaris informaci\u00f3 actualitzada sobre els avantatges i possibilitats que ofereix la nova Formaci\u00f3 Professional Dual per dotar al seu personal de la formaci\u00f3 t\u00e8xtil b\u00e1sica a l\u2019alt nivel competitiu [&hellip;]<\/p>\n","protected":false},"author":3,"featured_media":1930,"comment_status":"closed","ping_status":"open","sticky":false,"template":"","format":"standard","meta":[],"categories":[1,3],"tags":[],"_links":{"self":[{"href":"http:\/\/www.gestcat.cat\/index.php?rest_route=\/wp\/v2\/posts\/1929"}],"collection":[{"href":"http:\/\/www.gestcat.cat\/index.php?rest_route=\/wp\/v2\/posts"}],"about":[{"href":"http:\/\/www.gestcat.cat\/index.php?rest_route=\/wp\/v2\/types\/post"}],"author":[{"embeddable":true,"href":"http:\/\/www.gestcat.cat\/index.php?rest_route=\/wp\/v2\/users\/3"}],"replies":[{"embeddable":true,"href":"http:\/\/www.gestcat.cat\/index.php?rest_route=%2Fwp%2Fv2%2Fcomments&post=1929"}],"version-history":[{"count":2,"href":"http:\/\/www.gestcat.cat\/index.php?rest_route=\/wp\/v2\/posts\/1929\/revisions"}],"predecessor-version":[{"id":1932,"href":"http:\/\/www.gestcat.cat\/index.php?rest_route=\/wp\/v2\/posts\/1929\/revisions\/1932"}],"wp:featuredmedia":[{"embeddable":true,"href":"http:\/\/www.gestcat.cat\/index.php?rest_route=\/wp\/v2\/media\/1930"}],"wp:attachment":[{"href":"http:\/\/www.gestcat.cat\/index.php?rest_route=%2Fwp%2Fv2%2Fmedia&parent=1929"}],"wp:term":[{"taxonomy":"category","embeddable":true,"href":"http:\/\/www.gestcat.cat\/index.php?rest_route=%2Fwp%2Fv2%2Fcategories&post=1929"},{"taxonomy":"post_tag","embeddable":true,"href":"http:\/\/www.gestcat.cat\/index.php?rest_route=%2Fwp%2Fv2%2Ftags&post=1929"}],"curies":[{"name":"wp","href":"https:\/\/api.w.org\/{rel}","templated":true}]}}