{"id":1957,"date":"2016-10-27T16:00:58","date_gmt":"2016-10-27T16:00:58","guid":{"rendered":"http:\/\/www.gestcat.cat\/?p=1957"},"modified":"2016-10-27T16:01:54","modified_gmt":"2016-10-27T16:01:54","slug":"conferencia-cicle-3ct-ser-feminista-avui","status":"publish","type":"post","link":"http:\/\/www.gestcat.cat\/?p=1957","title":{"rendered":"Confer\u00e8ncia &#8220;Ser feminista avui&#8221; cicle 3Ct"},"content":{"rendered":"<p>[vc_row][vc_column width=&#8221;1\/1&#8243;][vc_column_text]Dimarts 25 d&#8217;octubre ha tingut lloc a la Sala la Plana de l&#8217;Om la quarta confer\u00e8ncia del <strong>cicle 3Ct<\/strong> sota el t\u00edtol <strong>&#8220;Ser Feminista Avui&#8221;<\/strong> mitjan\u00e7ant un di\u00e0leg entre la monja dominica i activista social <strong>Sor Lucia Caram i\u00a0<\/strong>l&#8217;escriptora i guionista <strong>Natza Farr\u00e9<\/strong>\u00a0aprofitant la presentaci\u00f3 del seu llibre recentment publicat\u00a0<strong>&#8220;curs de feminisme per microones&#8221;<\/strong><\/p>\n<p>El di\u00e0leg ha estat conduit per la periodista i tamb\u00e9 escriptora manresana Anna Vilajosana i ha estat seguit per un nombr\u00f3s p\u00fablic que ha participat activament al torn obert, aportant diferents opinions.<\/p>\n<p>[\/vc_column_text][\/vc_column][\/vc_row][vc_row][vc_column width=&#8221;1\/1&#8243;][vc_gallery type=&#8221;image_grid&#8221; interval=&#8221;3&#8243; images=&#8221;1958,1959,1960,1961,1962,1963&#8243; onclick=&#8221;link_image&#8221; custom_links_target=&#8221;_self&#8221;][\/vc_column][\/vc_row]<\/p>\n","protected":false},"excerpt":{"rendered":"<p>[vc_row][vc_column width=&#8221;1\/1&#8243;][vc_column_text]Dimarts 25 d&#8217;octubre ha tingut lloc a la Sala la Plana de l&#8217;Om la quarta confer\u00e8ncia del cicle 3Ct sota el t\u00edtol &#8220;Ser Feminista Avui&#8221; mitjan\u00e7ant un di\u00e0leg entre la monja dominica i activista social Sor Lucia Caram i\u00a0l&#8217;escriptora i guionista Natza Farr\u00e9\u00a0aprofitant la presentaci\u00f3 del seu llibre recentment publicat\u00a0&#8220;curs de feminisme per microones&#8221; [&hellip;]<\/p>\n","protected":false},"author":3,"featured_media":1962,"comment_status":"closed","ping_status":"open","sticky":false,"template":"","format":"standard","meta":[],"categories":[1,3],"tags":[],"_links":{"self":[{"href":"http:\/\/www.gestcat.cat\/index.php?rest_route=\/wp\/v2\/posts\/1957"}],"collection":[{"href":"http:\/\/www.gestcat.cat\/index.php?rest_route=\/wp\/v2\/posts"}],"about":[{"href":"http:\/\/www.gestcat.cat\/index.php?rest_route=\/wp\/v2\/types\/post"}],"author":[{"embeddable":true,"href":"http:\/\/www.gestcat.cat\/index.php?rest_route=\/wp\/v2\/users\/3"}],"replies":[{"embeddable":true,"href":"http:\/\/www.gestcat.cat\/index.php?rest_route=%2Fwp%2Fv2%2Fcomments&post=1957"}],"version-history":[{"count":2,"href":"http:\/\/www.gestcat.cat\/index.php?rest_route=\/wp\/v2\/posts\/1957\/revisions"}],"predecessor-version":[{"id":1965,"href":"http:\/\/www.gestcat.cat\/index.php?rest_route=\/wp\/v2\/posts\/1957\/revisions\/1965"}],"wp:featuredmedia":[{"embeddable":true,"href":"http:\/\/www.gestcat.cat\/index.php?rest_route=\/wp\/v2\/media\/1962"}],"wp:attachment":[{"href":"http:\/\/www.gestcat.cat\/index.php?rest_route=%2Fwp%2Fv2%2Fmedia&parent=1957"}],"wp:term":[{"taxonomy":"category","embeddable":true,"href":"http:\/\/www.gestcat.cat\/index.php?rest_route=%2Fwp%2Fv2%2Fcategories&post=1957"},{"taxonomy":"post_tag","embeddable":true,"href":"http:\/\/www.gestcat.cat\/index.php?rest_route=%2Fwp%2Fv2%2Ftags&post=1957"}],"curies":[{"name":"wp","href":"https:\/\/api.w.org\/{rel}","templated":true}]}}