{"id":1973,"date":"2016-11-17T19:24:37","date_gmt":"2016-11-17T19:24:37","guid":{"rendered":"http:\/\/www.gestcat.cat\/?p=1973"},"modified":"2016-11-17T19:24:51","modified_gmt":"2016-11-17T19:24:51","slug":"acord-col-laboracio-premi-per-a-projectes-empresarials","status":"publish","type":"post","link":"http:\/\/www.gestcat.cat\/?p=1973","title":{"rendered":"Acord col.laboraci\u00f3 premi per a projectes empresarials"},"content":{"rendered":"<p>[vc_row][vc_column width=&#8221;1\/1&#8243;][vc_column_text]<\/p>\n<h1>Acord de col\u00b7laboraci\u00f3 entre l&#8217;Ajuntament, l&#8217;Associaci\u00f3 Gest! i CaixaBank per crear un premi per a projectes empresarials<\/h1>\n<p><strong>L\u2019entitat banc\u00e0ria lliurar\u00e0 4.500 euros al\u00a0 projecte guanyador i es compromet a facilitar finan\u00e7ament en condicions avantatjoses per als projectes presentats que obtinguin una valoraci\u00f3 \u00f2ptima.<\/strong><\/p>\n<p><b>\u00a0<\/b>L\u2019alcalde de Manresa, Valent\u00ed Junyent; el president de l\u2019Associaci\u00f3 de Professionals S\u00e8niors al Servei del Territori-Gest!, Josep Sinca; i la directora de l\u2019\u00c0rea de negocis Manresa de CaixaBank SA, Beatriz Dorado, han signat avui un conveni de col\u00b7laboraci\u00f3 per a la convocat\u00f2ria d\u2019un premi a projectes empresarials. A l&#8217;acte de signatura ha assistit tamb\u00e9 la primer tinent d&#8217;alcalde i regidora de Dinamitzaci\u00f3 Econ\u00f2mica, Mireia Estefanell.<\/p>\n<p>Segons aquest acord, Caixabank lliurar\u00e0 4.500 euros al projecte empresarial guanyador i es compromet a facilitar finan\u00e7ament, en condicions avantatjoses, dels projectes presentats que obtinguin una valoraci\u00f3 \u00f2ptima i obtinguin un m\u00ednim del 50% de la puntuaci\u00f3 m\u00e0xima de cadascun dels conceptes avaluables.<\/p>\n<p>Es podran presentar a aquest premi tot tipus de projectes empresarials; tant de nova creaci\u00f3 com en funcionament. La titularitat dels mateixos podran ser tant de persones f\u00edsiques com qualsevol de persones jur\u00eddiques. L\u2019organitzaci\u00f3 del premi preveu donar a con\u00e8ixer el guanyador i l\u2019acte de lliurament durant la segona quinzena de gener de 2017.<\/p>\n<p>La participaci\u00f3 de l\u2019Ajuntament de Manresa consisteix en la facilitaci\u00f3 dels espais de gesti\u00f3 municipal per dur a terme les activitats necess\u00e0ries per tirar endavant el conveni aix\u00ed com per participar en l\u2019avaluaci\u00f3 dels projectes.<\/p>\n<p>L\u2019Associaci\u00f3 Gest! \u00e9s una entitat sense \u00e0nim de lucre que t\u00e9 per finalitat, entre d\u2019altres, posar el coneixement professional, directiu, econ\u00f2mic i jur\u00eddic dels seus membres al servei d\u2019aquelles iniciatives empresarials que necessitin assessorament. L&#8217;entitat manresana t\u00e9 la seva seu al Palau Firal de Manresa, carrer Castelladral, 5-7.[\/vc_column_text][\/vc_column][\/vc_row][vc_row][vc_column width=&#8221;1\/1&#8243;][vc_gallery type=&#8221;image_grid&#8221; interval=&#8221;3&#8243; images=&#8221;1976&#8243; onclick=&#8221;link_image&#8221; custom_links_target=&#8221;_self&#8221;][\/vc_column][\/vc_row]<\/p>\n","protected":false},"excerpt":{"rendered":"<p>[vc_row][vc_column width=&#8221;1\/1&#8243;][vc_column_text] Acord de col\u00b7laboraci\u00f3 entre l&#8217;Ajuntament, l&#8217;Associaci\u00f3 Gest! i CaixaBank per crear un premi per a projectes empresarials L\u2019entitat banc\u00e0ria lliurar\u00e0 4.500 euros al\u00a0 projecte guanyador i es compromet a facilitar finan\u00e7ament en condicions avantatjoses per als projectes presentats que obtinguin una valoraci\u00f3 \u00f2ptima. \u00a0L\u2019alcalde de Manresa, Valent\u00ed Junyent; el president de l\u2019Associaci\u00f3 de [&hellip;]<\/p>\n","protected":false},"author":3,"featured_media":1976,"comment_status":"closed","ping_status":"open","sticky":false,"template":"","format":"standard","meta":[],"categories":[1,3],"tags":[],"_links":{"self":[{"href":"http:\/\/www.gestcat.cat\/index.php?rest_route=\/wp\/v2\/posts\/1973"}],"collection":[{"href":"http:\/\/www.gestcat.cat\/index.php?rest_route=\/wp\/v2\/posts"}],"about":[{"href":"http:\/\/www.gestcat.cat\/index.php?rest_route=\/wp\/v2\/types\/post"}],"author":[{"embeddable":true,"href":"http:\/\/www.gestcat.cat\/index.php?rest_route=\/wp\/v2\/users\/3"}],"replies":[{"embeddable":true,"href":"http:\/\/www.gestcat.cat\/index.php?rest_route=%2Fwp%2Fv2%2Fcomments&post=1973"}],"version-history":[{"count":2,"href":"http:\/\/www.gestcat.cat\/index.php?rest_route=\/wp\/v2\/posts\/1973\/revisions"}],"predecessor-version":[{"id":1977,"href":"http:\/\/www.gestcat.cat\/index.php?rest_route=\/wp\/v2\/posts\/1973\/revisions\/1977"}],"wp:featuredmedia":[{"embeddable":true,"href":"http:\/\/www.gestcat.cat\/index.php?rest_route=\/wp\/v2\/media\/1976"}],"wp:attachment":[{"href":"http:\/\/www.gestcat.cat\/index.php?rest_route=%2Fwp%2Fv2%2Fmedia&parent=1973"}],"wp:term":[{"taxonomy":"category","embeddable":true,"href":"http:\/\/www.gestcat.cat\/index.php?rest_route=%2Fwp%2Fv2%2Fcategories&post=1973"},{"taxonomy":"post_tag","embeddable":true,"href":"http:\/\/www.gestcat.cat\/index.php?rest_route=%2Fwp%2Fv2%2Ftags&post=1973"}],"curies":[{"name":"wp","href":"https:\/\/api.w.org\/{rel}","templated":true}]}}