{"id":1985,"date":"2016-12-12T10:19:26","date_gmt":"2016-12-12T10:19:26","guid":{"rendered":"http:\/\/www.gestcat.cat\/?p=1985"},"modified":"2016-12-12T10:19:26","modified_gmt":"2016-12-12T10:19:26","slug":"noves-dependencies-de-gest","status":"publish","type":"post","link":"http:\/\/www.gestcat.cat\/?p=1985","title":{"rendered":"Noves depend\u00e8ncies de Gest!"},"content":{"rendered":"<p>[vc_row][vc_column width=&#8221;1\/1&#8243;][vc_column_text]Mitjan\u00e7ant\u00a0la renovaci\u00f3 del conveni signat amb l&#8217;Ajuntament de Manresa, s&#8217;ens ha donat l&#8217;oportunitat de poder disposar de m\u00e9s espai a les depend\u00e8ncies del Palau Firal i a partir d&#8217;ara ocupem els despatxos\u00a0n\u00fameros 5 i 6 que ens permetran treballar amb m\u00e9s comoditat per l&#8217;espai disponible.[\/vc_column_text][\/vc_column][\/vc_row][vc_row][vc_column width=&#8221;1\/1&#8243;][vc_gallery type=&#8221;image_grid&#8221; interval=&#8221;3&#8243; images=&#8221;1989,1988,1987,1986&#8243; onclick=&#8221;link_image&#8221; custom_links_target=&#8221;_self&#8221;][\/vc_column][\/vc_row]<\/p>\n","protected":false},"excerpt":{"rendered":"<p>[vc_row][vc_column width=&#8221;1\/1&#8243;][vc_column_text]Mitjan\u00e7ant\u00a0la renovaci\u00f3 del conveni signat amb l&#8217;Ajuntament de Manresa, s&#8217;ens ha donat l&#8217;oportunitat de poder disposar de m\u00e9s espai a les depend\u00e8ncies del Palau Firal i a partir d&#8217;ara ocupem els despatxos\u00a0n\u00fameros 5 i 6 que ens permetran treballar amb m\u00e9s comoditat per l&#8217;espai disponible.[\/vc_column_text][\/vc_column][\/vc_row][vc_row][vc_column width=&#8221;1\/1&#8243;][vc_gallery type=&#8221;image_grid&#8221; interval=&#8221;3&#8243; images=&#8221;1989,1988,1987,1986&#8243; onclick=&#8221;link_image&#8221; custom_links_target=&#8221;_self&#8221;][\/vc_column][\/vc_row]<\/p>\n","protected":false},"author":3,"featured_media":1988,"comment_status":"closed","ping_status":"open","sticky":false,"template":"","format":"standard","meta":[],"categories":[1,3],"tags":[],"_links":{"self":[{"href":"http:\/\/www.gestcat.cat\/index.php?rest_route=\/wp\/v2\/posts\/1985"}],"collection":[{"href":"http:\/\/www.gestcat.cat\/index.php?rest_route=\/wp\/v2\/posts"}],"about":[{"href":"http:\/\/www.gestcat.cat\/index.php?rest_route=\/wp\/v2\/types\/post"}],"author":[{"embeddable":true,"href":"http:\/\/www.gestcat.cat\/index.php?rest_route=\/wp\/v2\/users\/3"}],"replies":[{"embeddable":true,"href":"http:\/\/www.gestcat.cat\/index.php?rest_route=%2Fwp%2Fv2%2Fcomments&post=1985"}],"version-history":[{"count":2,"href":"http:\/\/www.gestcat.cat\/index.php?rest_route=\/wp\/v2\/posts\/1985\/revisions"}],"predecessor-version":[{"id":1992,"href":"http:\/\/www.gestcat.cat\/index.php?rest_route=\/wp\/v2\/posts\/1985\/revisions\/1992"}],"wp:featuredmedia":[{"embeddable":true,"href":"http:\/\/www.gestcat.cat\/index.php?rest_route=\/wp\/v2\/media\/1988"}],"wp:attachment":[{"href":"http:\/\/www.gestcat.cat\/index.php?rest_route=%2Fwp%2Fv2%2Fmedia&parent=1985"}],"wp:term":[{"taxonomy":"category","embeddable":true,"href":"http:\/\/www.gestcat.cat\/index.php?rest_route=%2Fwp%2Fv2%2Fcategories&post=1985"},{"taxonomy":"post_tag","embeddable":true,"href":"http:\/\/www.gestcat.cat\/index.php?rest_route=%2Fwp%2Fv2%2Ftags&post=1985"}],"curies":[{"name":"wp","href":"https:\/\/api.w.org\/{rel}","templated":true}]}}