{"id":2034,"date":"2017-01-30T12:14:29","date_gmt":"2017-01-30T12:14:29","guid":{"rendered":"http:\/\/www.gestcat.cat\/?p=2034"},"modified":"2022-04-27T14:35:20","modified_gmt":"2022-04-27T14:35:20","slug":"conveni-col%c2%b7legi-darquitectes-2-2","status":"publish","type":"post","link":"http:\/\/www.gestcat.cat\/?p=2034","title":{"rendered":"Conveni Fundaci\u00f3 Aig\u00fces de Manresa"},"content":{"rendered":"\n<p class=\"has-medium-font-size\"><strong>Conveni Fundaci\u00f3 Aig\u00fces de Manresa. Junta de la S\u00e8quia <\/strong><\/p>\n\n\n\n<p>Treballar conjuntament per contribuir a popularitzar la cultura patrimonial atenent el paper important de la ind\u00fastria a la Catalunya central en els \u00e0mbits del Museu de la T\u00e8cnica aix\u00ed mateix col\u00b7laborar en les publicacions per ressaltar els valors del territori i la cultura de l\u2019aigua.<\/p>\n\n\n\n<p>Aquest conveni \u00e9s el punt d\u2019inici per a una s\u00e8rie de col\u00b7laboracions que tindran com a finalitat comuna la divulgaci\u00f3 i la difusi\u00f3 del territori, i principalment a l\u2019entorn del patrimoni industrial que el conforma. Les dues entitats, es comprometen a treballar conjuntament per promoure accions i activitats a l\u2019entorn d\u2019aquest objectiu.<\/p>\n\n\n\n<p>La Fundaci\u00f3 Aig\u00fces de Manresa \u2013 Junta de la S\u00e8quia t\u00e9 com a finalitat l\u2019aprofundiment, la divulgaci\u00f3 i la formaci\u00f3 en el coneixement de la cultura de l\u2019aigua i el que aquest element ha representat i representa avui per l\u2019home, en especial en els aspectes econ\u00f2mic, mediambiental i l\u00fadic, intentant aconseguir la presa de consci\u00e8ncia de la seva import\u00e0ncia i de la necessitat d\u2019un consum responsable i sostenible, i el foment i el desenvolupament de la cultura t\u00e8cnica i la promoci\u00f3 i la divulgaci\u00f3 de q\u00fcestions relatives al proc\u00e9s hist\u00f2ric d\u2019industrialitzaci\u00f3. De manera m\u00e9s concreta, els de promoure, desenvolupar i administrar les actuacions que sota el nom de Parc de la S\u00e8quia s\u2019estan portant a terme dins un projecte patrimonial, cultural, ambiental, hist\u00f2ric, tur\u00edstic, i de lleure.<\/p>\n\n\n\n<p><strong>19 de gener de 2016<\/strong><\/p>\n\n\n\n<p>Ha tingut lloc la signatura del conveni de col\u00b7laboraci\u00f3 entre l\u2019Associaci\u00f3 de Professionals S\u00e8niors al servei del territori, GEST! i el Parc de la S\u00e8quia.<\/p>\n\n\n\n<p><\/p>\n\n\n\n<figure class=\"wp-block-image size-full\"><a href=\"http:\/\/www.gestcat.cat\/wp-content\/uploads\/2022\/04\/Captura-de-pantalla-2022-04-27-163223.png\"><img loading=\"lazy\" width=\"963\" height=\"757\" src=\"http:\/\/www.gestcat.cat\/wp-content\/uploads\/2022\/04\/Captura-de-pantalla-2022-04-27-163223.png\" alt=\"\" class=\"wp-image-2545\" srcset=\"http:\/\/www.gestcat.cat\/wp-content\/uploads\/2022\/04\/Captura-de-pantalla-2022-04-27-163223.png 963w, http:\/\/www.gestcat.cat\/wp-content\/uploads\/2022\/04\/Captura-de-pantalla-2022-04-27-163223-300x236.png 300w, http:\/\/www.gestcat.cat\/wp-content\/uploads\/2022\/04\/Captura-de-pantalla-2022-04-27-163223-300x236@2x.png 600w\" sizes=\"(max-width: 963px) 100vw, 963px\" \/><\/a><figcaption><em>Signatura del conveni, 19\/01\/2016<\/em><\/figcaption><\/figure>\n\n\n\n<figure class=\"wp-block-image size-full\"><a href=\"http:\/\/www.gestcat.cat\/wp-content\/uploads\/2022\/04\/Captura-de-pantalla-2022-04-27-163259.png\"><img loading=\"lazy\" width=\"1015\" height=\"760\" src=\"http:\/\/www.gestcat.cat\/wp-content\/uploads\/2022\/04\/Captura-de-pantalla-2022-04-27-163259.png\" alt=\"\" class=\"wp-image-2546\" srcset=\"http:\/\/www.gestcat.cat\/wp-content\/uploads\/2022\/04\/Captura-de-pantalla-2022-04-27-163259.png 1015w, http:\/\/www.gestcat.cat\/wp-content\/uploads\/2022\/04\/Captura-de-pantalla-2022-04-27-163259-300x225.png 300w, http:\/\/www.gestcat.cat\/wp-content\/uploads\/2022\/04\/Captura-de-pantalla-2022-04-27-163259-627x470.png 627w, http:\/\/www.gestcat.cat\/wp-content\/uploads\/2022\/04\/Captura-de-pantalla-2022-04-27-163259-300x225@2x.png 600w\" sizes=\"(max-width: 1015px) 100vw, 1015px\" \/><\/a><figcaption><em>Conveni amb Fundaci\u00f3 Aig\u00fces de Manresa. 19\/01\/2016<\/em><\/figcaption><\/figure>\n\n\n\n<p><strong>25 de febrer de 2019<\/strong><\/p>\n\n\n\n<p>Al Museu de la T\u00e9cnica, els membres V\u00e1zquez i Sinca, assisteixen convidats per la Junta d\u2019Aig\u00fces de Manresa, a la entrega dels premis S\u00e8quia. Son guardonats el Sr. Sebasti\u00e0 Catll\u00e0 i la Associaci\u00f3 de Sant Egidi. Presideix l\u2019Alcalde de Manresa.<\/p>\n\n\n\n<p><strong>13 de desembre de 2021<\/strong><\/p>\n\n\n\n<p>Assist\u00e8ncia a l\u2019acte d\u2019homenatge al Sr. Josep Alabern i Valent\u00ed. \u00c9s un acte sorpresa que te lloc al Museu de la T\u00e8cnica de Manresa, organitzat per Aig\u00fces de Manresa. Es va fer entrega del llibre \u201cJosep Alabern, el senyor de les aig\u00fces\u201d a tots els assistents. S\u00f3n presents a l\u2019acte els membres de Gest!, senyors Cayuelas, V\u00e0zquez, Torruella, Jov\u00e9s i Sinca.<\/p>\n\n\n\n<p><\/p>\n\n\n\n<figure class=\"wp-block-image size-full\"><a href=\"http:\/\/www.gestcat.cat\/wp-content\/uploads\/2022\/04\/Captura-de-pantalla-2022-04-27-132955.png\"><img loading=\"lazy\" width=\"1008\" height=\"751\" src=\"http:\/\/www.gestcat.cat\/wp-content\/uploads\/2022\/04\/Captura-de-pantalla-2022-04-27-132955.png\" alt=\"\" class=\"wp-image-2457\" srcset=\"http:\/\/www.gestcat.cat\/wp-content\/uploads\/2022\/04\/Captura-de-pantalla-2022-04-27-132955.png 1008w, http:\/\/www.gestcat.cat\/wp-content\/uploads\/2022\/04\/Captura-de-pantalla-2022-04-27-132955-300x224.png 300w, http:\/\/www.gestcat.cat\/wp-content\/uploads\/2022\/04\/Captura-de-pantalla-2022-04-27-132955-300x224@2x.png 600w\" sizes=\"(max-width: 1008px) 100vw, 1008px\" \/><\/a><\/figure>\n\n\n\n<p><\/p>\n\n\n<p><\/p>\n<p><strong>Enlla\u00e7 a la seva web:<\/strong><\/p>\n<p><a href=\"http:\/\/www.parcdelasequia.cat\" target=\"_blank\" rel=\"noopener\"><img loading=\"lazy\" class=\"alignleft wp-image-2033 size-full\" src=\"http:\/\/www.gestcat.cat\/wp-content\/uploads\/2017\/01\/Logo-aigues.jpg\" width=\"250\" height=\"100\"><\/a><\/p>","protected":false},"excerpt":{"rendered":"<p>Conveni Fundaci\u00f3 Aig\u00fces de Manresa. Junta de la S\u00e8quia Treballar conjuntament per contribuir a popularitzar la cultura patrimonial atenent el paper important de la ind\u00fastria a la Catalunya central en els \u00e0mbits del Museu de la T\u00e8cnica aix\u00ed mateix col\u00b7laborar en les publicacions per ressaltar els valors del territori i la cultura de l\u2019aigua. Aquest [&hellip;]<\/p>\n","protected":false},"author":1,"featured_media":0,"comment_status":"closed","ping_status":"closed","sticky":false,"template":"","format":"standard","meta":[],"categories":[21],"tags":[],"_links":{"self":[{"href":"http:\/\/www.gestcat.cat\/index.php?rest_route=\/wp\/v2\/posts\/2034"}],"collection":[{"href":"http:\/\/www.gestcat.cat\/index.php?rest_route=\/wp\/v2\/posts"}],"about":[{"href":"http:\/\/www.gestcat.cat\/index.php?rest_route=\/wp\/v2\/types\/post"}],"author":[{"embeddable":true,"href":"http:\/\/www.gestcat.cat\/index.php?rest_route=\/wp\/v2\/users\/1"}],"replies":[{"embeddable":true,"href":"http:\/\/www.gestcat.cat\/index.php?rest_route=%2Fwp%2Fv2%2Fcomments&post=2034"}],"version-history":[{"count":11,"href":"http:\/\/www.gestcat.cat\/index.php?rest_route=\/wp\/v2\/posts\/2034\/revisions"}],"predecessor-version":[{"id":2550,"href":"http:\/\/www.gestcat.cat\/index.php?rest_route=\/wp\/v2\/posts\/2034\/revisions\/2550"}],"wp:attachment":[{"href":"http:\/\/www.gestcat.cat\/index.php?rest_route=%2Fwp%2Fv2%2Fmedia&parent=2034"}],"wp:term":[{"taxonomy":"category","embeddable":true,"href":"http:\/\/www.gestcat.cat\/index.php?rest_route=%2Fwp%2Fv2%2Fcategories&post=2034"},{"taxonomy":"post_tag","embeddable":true,"href":"http:\/\/www.gestcat.cat\/index.php?rest_route=%2Fwp%2Fv2%2Ftags&post=2034"}],"curies":[{"name":"wp","href":"https:\/\/api.w.org\/{rel}","templated":true}]}}