{"id":2658,"date":"2024-03-03T10:10:52","date_gmt":"2024-03-03T10:10:52","guid":{"rendered":"http:\/\/www.gestcat.cat\/?p=2658"},"modified":"2024-03-03T10:14:57","modified_gmt":"2024-03-03T10:14:57","slug":"conveni-ajuntament-de-manresa-3","status":"publish","type":"post","link":"http:\/\/www.gestcat.cat\/?p=2658","title":{"rendered":"Conveni Universitat Catalana d&#8217;Estiu"},"content":{"rendered":"\n<p><strong>29 i 30 de juny i 1 de juliol<\/strong><\/p>\n\n\n\n<p>Celebraci\u00f3 de la cinquena edici\u00f3 de la Universitat Catalana d&#8217;Estiu a l&#8217;Institut Llu\u00eds de Peguera, sota la tem\u00e0tica \u201cPer un turisme sostenible: possibilitats i compromisos\u201d. <\/p>\n\n\n\n<p>Consulteu tots els detalls d&#8217;aquesta edici\u00f3, les xerrades i ponents entrant al nostre apartat de la web <a href=\"https:\/\/www.gestcat.cat\/?page_id=2696\" data-type=\"URL\" data-id=\"https:\/\/www.gestcat.cat\/?page_id=2696\" target=\"_blank\" rel=\"noreferrer noopener\">Projectes<\/a>.<\/p>\n\n\n\n<p><strong>7 de gener de 2021<\/strong><\/p>\n\n\n\n<p>Tercera reuni\u00f3 i sessi\u00f3 de treball a l\u2019Ajuntament de Manresa. Es realitza l\u2019acte pel procediment mixt; quatre persones presents i quatre mes en streaming. Fonamenta la reuni\u00f3 determinar, ja en caire definitiu, els dies de realitzaci\u00f3 de les jornades, els temes a tractar i especialment el pressupost necessari. \u00c9s un any dif\u00edcil en tots els sentits.<\/p>\n\n\n\n<p><strong>7 d&#8217;abril de 2021<\/strong><\/p>\n\n\n\n<p>Contactes amb tots els membres de la comissi\u00f3 UCE (subseu de Manresa). Establim criteris de continu\u00eftat per a les sessions d\u2019aquest any i pel 2022.<\/p>\n\n\n\n<p><strong>14 de maig de 2021<\/strong><\/p>\n\n\n\n<p>Reuni\u00f3 de treball de la comissi\u00f3 UCE Manresa. Es confirmen la majoria de conferenciants, dates, horaris i altres aspectes de organitzaci\u00f3.<\/p>\n\n\n\n<p><strong>1 de juliol de 2021<\/strong><\/p>\n\n\n\n<p>Inauguraci\u00f3 a la sala d\u2019actes de l\u2019institut Llu\u00eds de Peguera de les terceres jornades de l\u2019UCE Manresa. La taula presidencial est\u00e0 composta per l\u2019alcalde de Manresa, el president de l\u2019UCE, la directora de l\u2019Institut i el president de Gest!<\/p>\n\n\n\n<p><\/p>\n\n\n\n<div class=\"wp-block-image\"><figure class=\"aligncenter size-full\"><a href=\"http:\/\/www.gestcat.cat\/wp-content\/uploads\/2022\/05\/Captura-de-pantalla-2022-05-01-162030.png\"><img loading=\"lazy\" width=\"936\" height=\"694\" src=\"http:\/\/www.gestcat.cat\/wp-content\/uploads\/2022\/05\/Captura-de-pantalla-2022-05-01-162030.png\" alt=\"Gest! Conveni Universitat Catalana d'Estiu\" class=\"wp-image-2659\" srcset=\"http:\/\/www.gestcat.cat\/wp-content\/uploads\/2022\/05\/Captura-de-pantalla-2022-05-01-162030.png 936w, http:\/\/www.gestcat.cat\/wp-content\/uploads\/2022\/05\/Captura-de-pantalla-2022-05-01-162030-300x222.png 300w, http:\/\/www.gestcat.cat\/wp-content\/uploads\/2022\/05\/Captura-de-pantalla-2022-05-01-162030-300x222@2x.png 600w\" sizes=\"(max-width: 936px) 100vw, 936px\" \/><\/a><figcaption><em>Gest! Conveni Universitat Catalana d&#8217;Estiu<\/em><\/figcaption><\/figure><\/div>\n\n\n\n<p><strong>Enlla\u00e7 a la seva web:<\/strong><\/p>\n\n\n\n<figure class=\"wp-block-image size-full\"><a href=\"https:\/\/www.uce.cat\/\" target=\"_blank\" rel=\"noopener\"><img loading=\"lazy\" width=\"258\" height=\"126\" src=\"http:\/\/www.gestcat.cat\/wp-content\/uploads\/2022\/05\/UCE-Logo-258x126-1.png\" alt=\"Gest! Conveni Universitat Catalana d'Estiu\" class=\"wp-image-2660\"\/><\/a><\/figure>\n","protected":false},"excerpt":{"rendered":"<p>29 i 30 de juny i 1 de juliol Celebraci\u00f3 de la cinquena edici\u00f3 de la Universitat Catalana d&#8217;Estiu a l&#8217;Institut Llu\u00eds de Peguera, sota la tem\u00e0tica \u201cPer un turisme sostenible: possibilitats i compromisos\u201d. Consulteu tots els detalls d&#8217;aquesta edici\u00f3, les xerrades i ponents entrant al nostre apartat de la web Projectes. 7 de gener [&hellip;]<\/p>\n","protected":false},"author":1,"featured_media":0,"comment_status":"closed","ping_status":"open","sticky":false,"template":"","format":"standard","meta":[],"categories":[21],"tags":[],"_links":{"self":[{"href":"http:\/\/www.gestcat.cat\/index.php?rest_route=\/wp\/v2\/posts\/2658"}],"collection":[{"href":"http:\/\/www.gestcat.cat\/index.php?rest_route=\/wp\/v2\/posts"}],"about":[{"href":"http:\/\/www.gestcat.cat\/index.php?rest_route=\/wp\/v2\/types\/post"}],"author":[{"embeddable":true,"href":"http:\/\/www.gestcat.cat\/index.php?rest_route=\/wp\/v2\/users\/1"}],"replies":[{"embeddable":true,"href":"http:\/\/www.gestcat.cat\/index.php?rest_route=%2Fwp%2Fv2%2Fcomments&post=2658"}],"version-history":[{"count":7,"href":"http:\/\/www.gestcat.cat\/index.php?rest_route=\/wp\/v2\/posts\/2658\/revisions"}],"predecessor-version":[{"id":3358,"href":"http:\/\/www.gestcat.cat\/index.php?rest_route=\/wp\/v2\/posts\/2658\/revisions\/3358"}],"wp:attachment":[{"href":"http:\/\/www.gestcat.cat\/index.php?rest_route=%2Fwp%2Fv2%2Fmedia&parent=2658"}],"wp:term":[{"taxonomy":"category","embeddable":true,"href":"http:\/\/www.gestcat.cat\/index.php?rest_route=%2Fwp%2Fv2%2Fcategories&post=2658"},{"taxonomy":"post_tag","embeddable":true,"href":"http:\/\/www.gestcat.cat\/index.php?rest_route=%2Fwp%2Fv2%2Ftags&post=2658"}],"curies":[{"name":"wp","href":"https:\/\/api.w.org\/{rel}","templated":true}]}}