{"id":3359,"date":"2024-03-03T10:18:57","date_gmt":"2024-03-03T10:18:57","guid":{"rendered":"https:\/\/www.gestcat.cat\/?p=3359"},"modified":"2024-03-28T07:05:14","modified_gmt":"2024-03-28T07:05:14","slug":"conveni-fub-2","status":"publish","type":"post","link":"http:\/\/www.gestcat.cat\/?p=3359","title":{"rendered":"Conveni TIC Bages"},"content":{"rendered":"\n<p>Signat el conveni amb TIC Bages, un conglomerat d&#8217;empreses, professionals, centres formatius i administracions que treballen conjuntament en l&#8217;\u00e0mbit de l&#8217;electr\u00f2nica, la inform\u00e0tica i les telecomunicacions. <\/p>\n\n\n\n<p><\/p>\n\n\n\n<p><\/p>\n\n\n\n<p><strong>Enlla\u00e7 a la seva web:<\/strong><\/p>\n\n\n\n<div class=\"wp-block-image\"><figure class=\"alignleft size-full\"><a href=\"https:\/\/www.ticbages.cat\/\" target=\"_blank\" rel=\"noopener\"><img loading=\"lazy\" width=\"225\" height=\"225\" src=\"https:\/\/www.gestcat.cat\/wp-content\/uploads\/2024\/03\/TIC-Bages.jpg\" alt=\"\" class=\"wp-image-3360\" srcset=\"http:\/\/www.gestcat.cat\/wp-content\/uploads\/2024\/03\/TIC-Bages.jpg 225w, http:\/\/www.gestcat.cat\/wp-content\/uploads\/2024\/03\/TIC-Bages-150x150.jpg 150w\" sizes=\"(max-width: 225px) 100vw, 225px\" \/><\/a><\/figure><\/div>\n","protected":false},"excerpt":{"rendered":"<p>Signat el conveni amb TIC Bages, un conglomerat d&#8217;empreses, professionals, centres formatius i administracions que treballen conjuntament en l&#8217;\u00e0mbit de l&#8217;electr\u00f2nica, la inform\u00e0tica i les telecomunicacions. Enlla\u00e7 a la seva web:<\/p>\n","protected":false},"author":4,"featured_media":3383,"comment_status":"closed","ping_status":"open","sticky":false,"template":"","format":"standard","meta":[],"categories":[21],"tags":[],"_links":{"self":[{"href":"http:\/\/www.gestcat.cat\/index.php?rest_route=\/wp\/v2\/posts\/3359"}],"collection":[{"href":"http:\/\/www.gestcat.cat\/index.php?rest_route=\/wp\/v2\/posts"}],"about":[{"href":"http:\/\/www.gestcat.cat\/index.php?rest_route=\/wp\/v2\/types\/post"}],"author":[{"embeddable":true,"href":"http:\/\/www.gestcat.cat\/index.php?rest_route=\/wp\/v2\/users\/4"}],"replies":[{"embeddable":true,"href":"http:\/\/www.gestcat.cat\/index.php?rest_route=%2Fwp%2Fv2%2Fcomments&post=3359"}],"version-history":[{"count":1,"href":"http:\/\/www.gestcat.cat\/index.php?rest_route=\/wp\/v2\/posts\/3359\/revisions"}],"predecessor-version":[{"id":3361,"href":"http:\/\/www.gestcat.cat\/index.php?rest_route=\/wp\/v2\/posts\/3359\/revisions\/3361"}],"wp:featuredmedia":[{"embeddable":true,"href":"http:\/\/www.gestcat.cat\/index.php?rest_route=\/wp\/v2\/media\/3383"}],"wp:attachment":[{"href":"http:\/\/www.gestcat.cat\/index.php?rest_route=%2Fwp%2Fv2%2Fmedia&parent=3359"}],"wp:term":[{"taxonomy":"category","embeddable":true,"href":"http:\/\/www.gestcat.cat\/index.php?rest_route=%2Fwp%2Fv2%2Fcategories&post=3359"},{"taxonomy":"post_tag","embeddable":true,"href":"http:\/\/www.gestcat.cat\/index.php?rest_route=%2Fwp%2Fv2%2Ftags&post=3359"}],"curies":[{"name":"wp","href":"https:\/\/api.w.org\/{rel}","templated":true}]}}